{"id":3213,"date":"2023-11-29T08:54:48","date_gmt":"2023-11-29T08:54:48","guid":{"rendered":"https:\/\/boquetsolar.com\/?p=3213"},"modified":"2026-08-31T07:49:17","modified_gmt":"2026-08-31T07:49:17","slug":"nueva-instalacion-en-el-pabellon-de-sant-hipolit-de-voltrega","status":"publish","type":"post","link":"https:\/\/boquet.cat\/es\/blog\/2023\/11\/29\/nueva-instalacion-en-el-pabellon-de-sant-hipolit-de-voltrega\/","title":{"rendered":"Nueva instalaci\u00f3n en el pabell\u00f3n de Sant Hip\u00f2lit de Voltreg\u00e0"},"content":{"rendered":"\r\n\r\n\r\n<h2>El pabell\u00f3n de Sant Hip\u00f2lit de Voltreg\u00e0 evitar\u00e1 la emisi\u00f3n de 66,83 toneladas anuales<\/h2>\r\n<p class=\"wp-block-paragraph\">Has le\u00eddo bien\u2026El <a href=\"https:\/\/www.santhipolitdevoltrega.cat\/el-municipi\/guia-del-municipi\/equipaments\/la-pista-pavello-municipal-desports.html\">pabell\u00f3n de Sant Hip\u00f2lit de Voltreg\u00e0<\/a> evitar\u00e1 la emisi\u00f3n de 67 toneladas anuales, el equivalente a 44.666 botellas de agua de 1,5L, \u00bfse lo puede imaginar? Esta nueva instalaci\u00f3n ha sido posible gracias a <a href=\"http:\/\/boquet.cat\">Boquet<\/a> (empresa instaladora de servicios integrales) donde se han instalado 226 m\u00f3dulos fotovoltaicos.\u00a0<\/p>\r\n<p><div class='avia-iframe-wrap'><iframe loading=\"lazy\" title=\"Instal\u00b7laci\u00f3 fotovoltaica al Pavell\u00f3 de Sant Hip\u00f2lit de Voltreg\u00e0 - Electricitat Boquet\" width=\"1500\" height=\"844\" src=\"https:\/\/www.youtube.com\/embed\/xumn6ulSSJ8?feature=oembed&#038;enablejsapi=1&#038;origin=https:\/\/boquet.cat\" frameborder=\"0\" allow=\"accelerometer; autoplay; clipboard-write; encrypted-media; gyroscope; picture-in-picture; web-share\" referrerpolicy=\"strict-origin-when-cross-origin\" allowfullscreen><\/iframe><\/div><\/p>\r\n\r\n\r\n\r\n<p class=\"wp-block-paragraph\">Son s\u00f3lo\u00a0\u00a0<strong>2 semanas<\/strong>\u00a0\u00a0las que han hecho falta para instalar todas estas placas en una superficie fotovoltaica de 528 m\u00a0<sup>2<\/sup>\u00a0\u00a0, que generar\u00e1n una energ\u00eda total de\u00a0\u00a0<strong>167.097.02 kWh\u00a0<\/strong>\u00a0anuales, ayudando al complejo deportivo ser energ\u00e9ticamente independiente.<\/p>\r\n\r\n\r\n\r\n<h3><strong>Caracter\u00edsticas de la instalaci\u00f3n:<\/strong><\/h3>\r\n\r\n\r\n\r\n<figure class=\"wp-block-table\">\r\n<table>\r\n<tbody>\r\n<tr>\r\n<td>Localizaci\u00f3n<\/td>\r\n<td>Pabell\u00f3n de San Hip\u00f3lit de Voltreg\u00e0<\/td>\r\n<\/tr>\r\n<tr>\r\n<td>Potencia instalada<\/td>\r\n<td>124,3 kWp<\/td>\r\n<\/tr>\r\n<tr>\r\n<td>Modalidad<\/td>\r\n<td>Autoconsumo colectivo<\/td>\r\n<\/tr>\r\n<tr>\r\n<td>Energ\u00eda total producida<\/td>\r\n<td>167.097,02 kWh\/a\u00f1o<\/td>\r\n<\/tr>\r\n<tr>\r\n<td>Emisiones CO\u00a0<sub>2<\/sub>\u00a0\u00a0evitadas<\/td>\r\n<td>66,83 t\/a\u00f1o<\/td>\r\n<\/tr>\r\n<tr>\r\n<td>Plazo de ejecuci\u00f3n<\/td>\r\n<td>2 semanas<\/td>\r\n<\/tr>\r\n<tr>\r\n<td>Placas instaladas<\/td>\r\n<td>226<\/td>\r\n<\/tr>\r\n<tr>\r\n<td>Superficie fotovoltaica<\/td>\r\n<td>528 m\u00a0<sup>2<\/sup><\/td>\r\n<\/tr>\r\n<tr>\r\n<td>\u00c9xito de la obra<\/td>\r\n<td>Alcanzado satisfactoriamente<\/td>\r\n<\/tr>\r\n<\/tbody>\r\n<\/table>\r\n<\/figure>\r\n\r\n\r\n\r\n\r\n\r\n<p class=\"wp-block-paragraph\">&nbsp;<\/p>\r\n\r\n\r\n\r\n<p class=\"wp-block-paragraph\">Estamos orgullosos de haber logrado satisfactoriamente esta obra y de poder ofrecer una soluci\u00f3n energ\u00e9tica sostenible y respetuosa con el medio ambiente en el pabell\u00f3n de Sant Hip\u00f2lit de Voltreg\u00e0.\u00a0En\u00a0<a href=\"http:\/\/boquet.cat\"><strong>Boquet<\/strong>\u00a0<\/a>ofrecemos\u00a0\u00a0<strong>soluciones personalizadas<\/strong>\u00a0\u00a0de acuerdo a las necesidades de nuestros clientes, siempre con la\u00a0\u00a0<strong>profesionalidad, experiencia y seriedad<\/strong>\u00a0\u00a0que nos caracterizan.<\/p>\r\n\r\n\r\n\r\n<p class=\"wp-block-paragraph\">Si est\u00e1 interesado en conocer m\u00e1s detalles sobre este proyecto o est\u00e1 considerando una instalaci\u00f3n similar, estaremos encantados de atenderle.\u00a0<a href=\"mailto:solar@boquet.cat\"><strong>Contacte\u00a0<\/strong><\/a>\u00a0con nosotros y juntos haremos realidad sus objetivos energ\u00e9ticos sostenibles.<\/p>\r\n","protected":false},"excerpt":{"rendered":"<p>El pabell\u00f3n de Sant Hip\u00f2lit de Voltreg\u00e0 evitar\u00e1 la emisi\u00f3n de 66,83 toneladas anuales Has le\u00eddo bien\u2026El pabell\u00f3n de Sant Hip\u00f2lit de Voltreg\u00e0 evitar\u00e1 la emisi\u00f3n de 67 toneladas anuales, el equivalente a 44.666 botellas de agua de 1,5L, \u00bfse lo puede imaginar? Esta nueva instalaci\u00f3n ha sido posible gracias a Boquet (empresa instaladora de [&hellip;]<\/p>\n","protected":false},"author":1,"featured_media":3347,"comment_status":"closed","ping_status":"closed","sticky":false,"template":"","format":"standard","meta":{"footnotes":""},"categories":[4,47,49],"tags":[],"class_list":["post-3213","post","type-post","status-publish","format-standard","has-post-thumbnail","hentry","category-noticias","category-proyectos-es","category-solar-es"],"yoast_head":"<!-- This site is optimized with the Yoast SEO plugin v28.3 - https:\/\/yoast.com\/product\/yoast-seo-wordpress\/ -->\n<title>Nueva instalaci\u00f3n en el pabell\u00f3n de Sant Hip\u00f2lit de Voltreg\u00e0 - Boquet<\/title>\n<meta name=\"description\" content=\"Nueva instalaci\u00f3n en el pabell\u00f3n de Sant Hip\u00f2lit de Voltreg\u00e0. Desde Boquet estamos orgullosos de la instalaci\u00f3n en el municipio\" \/>\n<meta name=\"robots\" content=\"index, follow, max-snippet:-1, max-image-preview:large, max-video-preview:-1\" \/>\n<link rel=\"canonical\" href=\"https:\/\/boquet.cat\/es\/blog\/2023\/11\/29\/nueva-instalacion-en-el-pabellon-de-sant-hipolit-de-voltrega\/\" \/>\n<meta property=\"og:locale\" content=\"es_ES\" \/>\n<meta property=\"og:type\" content=\"article\" \/>\n<meta property=\"og:title\" content=\"Nueva instalaci\u00f3n en el pabell\u00f3n de Sant Hip\u00f2lit de Voltreg\u00e0 - Boquet\" \/>\n<meta property=\"og:description\" content=\"Nueva instalaci\u00f3n en el pabell\u00f3n de Sant Hip\u00f2lit de Voltreg\u00e0. Desde Boquet estamos orgullosos de la instalaci\u00f3n en el municipio\" \/>\n<meta property=\"og:url\" content=\"https:\/\/boquet.cat\/es\/blog\/2023\/11\/29\/nueva-instalacion-en-el-pabellon-de-sant-hipolit-de-voltrega\/\" \/>\n<meta property=\"og:site_name\" content=\"Boquet\" \/>\n<meta property=\"article:published_time\" content=\"2023-11-29T08:54:48+00:00\" \/>\n<meta property=\"article:modified_time\" content=\"2026-08-31T07:49:17+00:00\" \/>\n<meta property=\"og:image\" content=\"https:\/\/boquet.cat\/wp-content\/uploads\/2024\/01\/dji_0842-1024x768-1.jpg\" \/>\n\t<meta property=\"og:image:width\" content=\"1024\" \/>\n\t<meta property=\"og:image:height\" content=\"768\" \/>\n\t<meta property=\"og:image:type\" content=\"image\/jpeg\" \/>\n<meta name=\"author\" content=\"admin\" \/>\n<meta name=\"twitter:card\" content=\"summary_large_image\" \/>\n<meta name=\"twitter:label1\" content=\"Escrito por\" \/>\n\t<meta name=\"twitter:data1\" content=\"admin\" \/>\n\t<meta name=\"twitter:label2\" content=\"Tiempo de lectura\" \/>\n\t<meta name=\"twitter:data2\" content=\"2 minutos\" \/>\n<script type=\"application\/ld+json\" class=\"yoast-schema-graph\">{\"@context\":\"https:\\\/\\\/schema.org\",\"@graph\":[{\"@type\":\"Article\",\"@id\":\"https:\\\/\\\/boquet.cat\\\/es\\\/blog\\\/2023\\\/11\\\/29\\\/nueva-instalacion-en-el-pabellon-de-sant-hipolit-de-voltrega\\\/#article\",\"isPartOf\":{\"@id\":\"https:\\\/\\\/boquet.cat\\\/es\\\/blog\\\/2023\\\/11\\\/29\\\/nueva-instalacion-en-el-pabellon-de-sant-hipolit-de-voltrega\\\/\"},\"author\":{\"name\":\"admin\",\"@id\":\"https:\\\/\\\/boquet.cat\\\/#\\\/schema\\\/person\\\/1c365c90189d7e98275392a8659620ea\"},\"headline\":\"Nueva instalaci\u00f3n en el pabell\u00f3n de Sant Hip\u00f2lit de Voltreg\u00e0\",\"datePublished\":\"2023-11-29T08:54:48+00:00\",\"dateModified\":\"2026-08-31T07:49:17+00:00\",\"mainEntityOfPage\":{\"@id\":\"https:\\\/\\\/boquet.cat\\\/es\\\/blog\\\/2023\\\/11\\\/29\\\/nueva-instalacion-en-el-pabellon-de-sant-hipolit-de-voltrega\\\/\"},\"wordCount\":272,\"image\":{\"@id\":\"https:\\\/\\\/boquet.cat\\\/es\\\/blog\\\/2023\\\/11\\\/29\\\/nueva-instalacion-en-el-pabellon-de-sant-hipolit-de-voltrega\\\/#primaryimage\"},\"thumbnailUrl\":\"https:\\\/\\\/boquet.cat\\\/wp-content\\\/uploads\\\/2024\\\/01\\\/dji_0842-1024x768-1.jpg\",\"articleSection\":[\"Noticias\",\"Proyectos\",\"Solar\"],\"inLanguage\":\"es\"},{\"@type\":\"WebPage\",\"@id\":\"https:\\\/\\\/boquet.cat\\\/es\\\/blog\\\/2023\\\/11\\\/29\\\/nueva-instalacion-en-el-pabellon-de-sant-hipolit-de-voltrega\\\/\",\"url\":\"https:\\\/\\\/boquet.cat\\\/es\\\/blog\\\/2023\\\/11\\\/29\\\/nueva-instalacion-en-el-pabellon-de-sant-hipolit-de-voltrega\\\/\",\"name\":\"Nueva instalaci\u00f3n en el pabell\u00f3n de Sant Hip\u00f2lit de Voltreg\u00e0 - Boquet\",\"isPartOf\":{\"@id\":\"https:\\\/\\\/boquet.cat\\\/#website\"},\"primaryImageOfPage\":{\"@id\":\"https:\\\/\\\/boquet.cat\\\/es\\\/blog\\\/2023\\\/11\\\/29\\\/nueva-instalacion-en-el-pabellon-de-sant-hipolit-de-voltrega\\\/#primaryimage\"},\"image\":{\"@id\":\"https:\\\/\\\/boquet.cat\\\/es\\\/blog\\\/2023\\\/11\\\/29\\\/nueva-instalacion-en-el-pabellon-de-sant-hipolit-de-voltrega\\\/#primaryimage\"},\"thumbnailUrl\":\"https:\\\/\\\/boquet.cat\\\/wp-content\\\/uploads\\\/2024\\\/01\\\/dji_0842-1024x768-1.jpg\",\"datePublished\":\"2023-11-29T08:54:48+00:00\",\"dateModified\":\"2026-08-31T07:49:17+00:00\",\"author\":{\"@id\":\"https:\\\/\\\/boquet.cat\\\/#\\\/schema\\\/person\\\/1c365c90189d7e98275392a8659620ea\"},\"description\":\"Nueva instalaci\u00f3n en el pabell\u00f3n de Sant Hip\u00f2lit de Voltreg\u00e0. Desde Boquet estamos orgullosos de la instalaci\u00f3n en el municipio\",\"breadcrumb\":{\"@id\":\"https:\\\/\\\/boquet.cat\\\/es\\\/blog\\\/2023\\\/11\\\/29\\\/nueva-instalacion-en-el-pabellon-de-sant-hipolit-de-voltrega\\\/#breadcrumb\"},\"inLanguage\":\"es\",\"potentialAction\":[{\"@type\":\"ReadAction\",\"target\":[\"https:\\\/\\\/boquet.cat\\\/es\\\/blog\\\/2023\\\/11\\\/29\\\/nueva-instalacion-en-el-pabellon-de-sant-hipolit-de-voltrega\\\/\"]}]},{\"@type\":\"ImageObject\",\"inLanguage\":\"es\",\"@id\":\"https:\\\/\\\/boquet.cat\\\/es\\\/blog\\\/2023\\\/11\\\/29\\\/nueva-instalacion-en-el-pabellon-de-sant-hipolit-de-voltrega\\\/#primaryimage\",\"url\":\"https:\\\/\\\/boquet.cat\\\/wp-content\\\/uploads\\\/2024\\\/01\\\/dji_0842-1024x768-1.jpg\",\"contentUrl\":\"https:\\\/\\\/boquet.cat\\\/wp-content\\\/uploads\\\/2024\\\/01\\\/dji_0842-1024x768-1.jpg\",\"width\":1024,\"height\":768,\"caption\":\"default\"},{\"@type\":\"BreadcrumbList\",\"@id\":\"https:\\\/\\\/boquet.cat\\\/es\\\/blog\\\/2023\\\/11\\\/29\\\/nueva-instalacion-en-el-pabellon-de-sant-hipolit-de-voltrega\\\/#breadcrumb\",\"itemListElement\":[{\"@type\":\"ListItem\",\"position\":1,\"name\":\"Inici\",\"item\":\"https:\\\/\\\/boquet.cat\\\/es\\\/inicio\\\/\"},{\"@type\":\"ListItem\",\"position\":2,\"name\":\"Nueva instalaci\u00f3n en el pabell\u00f3n de Sant Hip\u00f2lit de Voltreg\u00e0\"}]},{\"@type\":\"WebSite\",\"@id\":\"https:\\\/\\\/boquet.cat\\\/#website\",\"url\":\"https:\\\/\\\/boquet.cat\\\/\",\"name\":\"Boquet\",\"description\":\"\",\"potentialAction\":[{\"@type\":\"SearchAction\",\"target\":{\"@type\":\"EntryPoint\",\"urlTemplate\":\"https:\\\/\\\/boquet.cat\\\/?s={search_term_string}\"},\"query-input\":{\"@type\":\"PropertyValueSpecification\",\"valueRequired\":true,\"valueName\":\"search_term_string\"}}],\"inLanguage\":\"es\"},{\"@type\":\"Person\",\"@id\":\"https:\\\/\\\/boquet.cat\\\/#\\\/schema\\\/person\\\/1c365c90189d7e98275392a8659620ea\",\"name\":\"admin\",\"image\":{\"@type\":\"ImageObject\",\"inLanguage\":\"es\",\"@id\":\"https:\\\/\\\/secure.gravatar.com\\\/avatar\\\/74a72230a5d1db38752dcb41f399c7c16604457b70623f49f8f546bd670ce226?s=96&d=mm&r=g\",\"url\":\"https:\\\/\\\/secure.gravatar.com\\\/avatar\\\/74a72230a5d1db38752dcb41f399c7c16604457b70623f49f8f546bd670ce226?s=96&d=mm&r=g\",\"contentUrl\":\"https:\\\/\\\/secure.gravatar.com\\\/avatar\\\/74a72230a5d1db38752dcb41f399c7c16604457b70623f49f8f546bd670ce226?s=96&d=mm&r=g\",\"caption\":\"admin\"},\"sameAs\":[\"https:\\\/\\\/boquet.cat\"]}]}<\/script>\n<!-- \/ Yoast SEO plugin. -->","yoast_head_json":{"title":"Nueva instalaci\u00f3n en el pabell\u00f3n de Sant Hip\u00f2lit de Voltreg\u00e0 - Boquet","description":"Nueva instalaci\u00f3n en el pabell\u00f3n de Sant Hip\u00f2lit de Voltreg\u00e0. Desde Boquet estamos orgullosos de la instalaci\u00f3n en el municipio","robots":{"index":"index","follow":"follow","max-snippet":"max-snippet:-1","max-image-preview":"max-image-preview:large","max-video-preview":"max-video-preview:-1"},"canonical":"https:\/\/boquet.cat\/es\/blog\/2023\/11\/29\/nueva-instalacion-en-el-pabellon-de-sant-hipolit-de-voltrega\/","og_locale":"es_ES","og_type":"article","og_title":"Nueva instalaci\u00f3n en el pabell\u00f3n de Sant Hip\u00f2lit de Voltreg\u00e0 - Boquet","og_description":"Nueva instalaci\u00f3n en el pabell\u00f3n de Sant Hip\u00f2lit de Voltreg\u00e0. Desde Boquet estamos orgullosos de la instalaci\u00f3n en el municipio","og_url":"https:\/\/boquet.cat\/es\/blog\/2023\/11\/29\/nueva-instalacion-en-el-pabellon-de-sant-hipolit-de-voltrega\/","og_site_name":"Boquet","article_published_time":"2023-11-29T08:54:48+00:00","article_modified_time":"2026-08-31T07:49:17+00:00","og_image":[{"width":1024,"height":768,"url":"https:\/\/boquet.cat\/wp-content\/uploads\/2024\/01\/dji_0842-1024x768-1.jpg","type":"image\/jpeg"}],"author":"admin","twitter_card":"summary_large_image","twitter_misc":{"Escrito por":"admin","Tiempo de lectura":"2 minutos"},"schema":{"@context":"https:\/\/schema.org","@graph":[{"@type":"Article","@id":"https:\/\/boquet.cat\/es\/blog\/2023\/11\/29\/nueva-instalacion-en-el-pabellon-de-sant-hipolit-de-voltrega\/#article","isPartOf":{"@id":"https:\/\/boquet.cat\/es\/blog\/2023\/11\/29\/nueva-instalacion-en-el-pabellon-de-sant-hipolit-de-voltrega\/"},"author":{"name":"admin","@id":"https:\/\/boquet.cat\/#\/schema\/person\/1c365c90189d7e98275392a8659620ea"},"headline":"Nueva instalaci\u00f3n en el pabell\u00f3n de Sant Hip\u00f2lit de Voltreg\u00e0","datePublished":"2023-11-29T08:54:48+00:00","dateModified":"2026-08-31T07:49:17+00:00","mainEntityOfPage":{"@id":"https:\/\/boquet.cat\/es\/blog\/2023\/11\/29\/nueva-instalacion-en-el-pabellon-de-sant-hipolit-de-voltrega\/"},"wordCount":272,"image":{"@id":"https:\/\/boquet.cat\/es\/blog\/2023\/11\/29\/nueva-instalacion-en-el-pabellon-de-sant-hipolit-de-voltrega\/#primaryimage"},"thumbnailUrl":"https:\/\/boquet.cat\/wp-content\/uploads\/2024\/01\/dji_0842-1024x768-1.jpg","articleSection":["Noticias","Proyectos","Solar"],"inLanguage":"es"},{"@type":"WebPage","@id":"https:\/\/boquet.cat\/es\/blog\/2023\/11\/29\/nueva-instalacion-en-el-pabellon-de-sant-hipolit-de-voltrega\/","url":"https:\/\/boquet.cat\/es\/blog\/2023\/11\/29\/nueva-instalacion-en-el-pabellon-de-sant-hipolit-de-voltrega\/","name":"Nueva instalaci\u00f3n en el pabell\u00f3n de Sant Hip\u00f2lit de Voltreg\u00e0 - Boquet","isPartOf":{"@id":"https:\/\/boquet.cat\/#website"},"primaryImageOfPage":{"@id":"https:\/\/boquet.cat\/es\/blog\/2023\/11\/29\/nueva-instalacion-en-el-pabellon-de-sant-hipolit-de-voltrega\/#primaryimage"},"image":{"@id":"https:\/\/boquet.cat\/es\/blog\/2023\/11\/29\/nueva-instalacion-en-el-pabellon-de-sant-hipolit-de-voltrega\/#primaryimage"},"thumbnailUrl":"https:\/\/boquet.cat\/wp-content\/uploads\/2024\/01\/dji_0842-1024x768-1.jpg","datePublished":"2023-11-29T08:54:48+00:00","dateModified":"2026-08-31T07:49:17+00:00","author":{"@id":"https:\/\/boquet.cat\/#\/schema\/person\/1c365c90189d7e98275392a8659620ea"},"description":"Nueva instalaci\u00f3n en el pabell\u00f3n de Sant Hip\u00f2lit de Voltreg\u00e0. Desde Boquet estamos orgullosos de la instalaci\u00f3n en el municipio","breadcrumb":{"@id":"https:\/\/boquet.cat\/es\/blog\/2023\/11\/29\/nueva-instalacion-en-el-pabellon-de-sant-hipolit-de-voltrega\/#breadcrumb"},"inLanguage":"es","potentialAction":[{"@type":"ReadAction","target":["https:\/\/boquet.cat\/es\/blog\/2023\/11\/29\/nueva-instalacion-en-el-pabellon-de-sant-hipolit-de-voltrega\/"]}]},{"@type":"ImageObject","inLanguage":"es","@id":"https:\/\/boquet.cat\/es\/blog\/2023\/11\/29\/nueva-instalacion-en-el-pabellon-de-sant-hipolit-de-voltrega\/#primaryimage","url":"https:\/\/boquet.cat\/wp-content\/uploads\/2024\/01\/dji_0842-1024x768-1.jpg","contentUrl":"https:\/\/boquet.cat\/wp-content\/uploads\/2024\/01\/dji_0842-1024x768-1.jpg","width":1024,"height":768,"caption":"default"},{"@type":"BreadcrumbList","@id":"https:\/\/boquet.cat\/es\/blog\/2023\/11\/29\/nueva-instalacion-en-el-pabellon-de-sant-hipolit-de-voltrega\/#breadcrumb","itemListElement":[{"@type":"ListItem","position":1,"name":"Inici","item":"https:\/\/boquet.cat\/es\/inicio\/"},{"@type":"ListItem","position":2,"name":"Nueva instalaci\u00f3n en el pabell\u00f3n de Sant Hip\u00f2lit de Voltreg\u00e0"}]},{"@type":"WebSite","@id":"https:\/\/boquet.cat\/#website","url":"https:\/\/boquet.cat\/","name":"Boquet","description":"","potentialAction":[{"@type":"SearchAction","target":{"@type":"EntryPoint","urlTemplate":"https:\/\/boquet.cat\/?s={search_term_string}"},"query-input":{"@type":"PropertyValueSpecification","valueRequired":true,"valueName":"search_term_string"}}],"inLanguage":"es"},{"@type":"Person","@id":"https:\/\/boquet.cat\/#\/schema\/person\/1c365c90189d7e98275392a8659620ea","name":"admin","image":{"@type":"ImageObject","inLanguage":"es","@id":"https:\/\/secure.gravatar.com\/avatar\/74a72230a5d1db38752dcb41f399c7c16604457b70623f49f8f546bd670ce226?s=96&d=mm&r=g","url":"https:\/\/secure.gravatar.com\/avatar\/74a72230a5d1db38752dcb41f399c7c16604457b70623f49f8f546bd670ce226?s=96&d=mm&r=g","contentUrl":"https:\/\/secure.gravatar.com\/avatar\/74a72230a5d1db38752dcb41f399c7c16604457b70623f49f8f546bd670ce226?s=96&d=mm&r=g","caption":"admin"},"sameAs":["https:\/\/boquet.cat"]}]}},"_links":{"self":[{"href":"https:\/\/boquet.cat\/es\/wp-json\/wp\/v2\/posts\/3213","targetHints":{"allow":["GET"]}}],"collection":[{"href":"https:\/\/boquet.cat\/es\/wp-json\/wp\/v2\/posts"}],"about":[{"href":"https:\/\/boquet.cat\/es\/wp-json\/wp\/v2\/types\/post"}],"author":[{"embeddable":true,"href":"https:\/\/boquet.cat\/es\/wp-json\/wp\/v2\/users\/1"}],"replies":[{"embeddable":true,"href":"https:\/\/boquet.cat\/es\/wp-json\/wp\/v2\/comments?post=3213"}],"version-history":[{"count":2,"href":"https:\/\/boquet.cat\/es\/wp-json\/wp\/v2\/posts\/3213\/revisions"}],"predecessor-version":[{"id":6994,"href":"https:\/\/boquet.cat\/es\/wp-json\/wp\/v2\/posts\/3213\/revisions\/6994"}],"wp:featuredmedia":[{"embeddable":true,"href":"https:\/\/boquet.cat\/es\/wp-json\/wp\/v2\/media\/3347"}],"wp:attachment":[{"href":"https:\/\/boquet.cat\/es\/wp-json\/wp\/v2\/media?parent=3213"}],"wp:term":[{"taxonomy":"category","embeddable":true,"href":"https:\/\/boquet.cat\/es\/wp-json\/wp\/v2\/categories?post=3213"},{"taxonomy":"post_tag","embeddable":true,"href":"https:\/\/boquet.cat\/es\/wp-json\/wp\/v2\/tags?post=3213"}],"curies":[{"name":"wp","href":"https:\/\/api.w.org\/{rel}","templated":true}]}}