{"id":3290,"date":"2024-01-19T13:21:15","date_gmt":"2024-01-19T13:21:15","guid":{"rendered":"https:\/\/boquetsolar.com\/?p=3290"},"modified":"2026-08-27T09:53:37","modified_gmt":"2026-08-27T09:53:37","slug":"nueva-instalacion-fotovoltaica-en-la-escuela-serena-vall","status":"publish","type":"post","link":"https:\/\/boquet.cat\/es\/blog\/2024\/01\/19\/nueva-instalacion-fotovoltaica-en-la-escuela-serena-vall\/","title":{"rendered":"Nueva instalaci\u00f3n fotovoltaica en la escuela Serena Vall"},"content":{"rendered":"\r\n\r\n\r\n<h2>Nueva instalaci\u00f3n fotovoltaica en la escuela Serena Vall<\/h2>\r\n<p class=\"wp-block-paragraph\">La <a href=\"https:\/\/agora.xtec.cat\/escolaserenavall\/\">escuela Serena Vall de Llavaneres<\/a> ya puede disfrutar de una nueva instalaci\u00f3n solar de\u00a0\u00a0<strong>215 m\u00f3dulos fotovoltaicos.\u00a0<\/strong>Esta instalaci\u00f3n representa un gran salto en la producci\u00f3n de energ\u00eda del recinto, que podr\u00e1 generar energ\u00eda limpia y ayudar a las altas demandas de un edificio como es una escuela.\u00a0<a href=\"http:\/\/boquet.cat\"><strong>Boquet\u00a0<\/strong>\u00a0<\/a>(\u00a0<strong>empresa instaladora de servicios integrales<\/strong>\u00a0) hemos sido la empresa encargada de realizar esta nueva instalaci\u00f3n, y podemos decir que ha sido todo un \u00e9xito, ya que gracias a esta instalaci\u00f3n se estima que se\u00a0\u00a0<strong>evitar\u00e1n 46 ,3 toneladas de CO\u2082<\/strong>\u00a0\u00a0al a\u00f1o, una cifra que no deja indiferente a nadie.<\/p>\r\n\r\n\r\n\r\n<figure class=\"wp-block-image aligncenter size-large\"><img decoding=\"async\" class=\"wp-image-3291\" src=\"https:\/\/boquetsolar.com\/wp-content\/uploads\/2024\/01\/image-2-1024x768.png\" alt=\"\" \/><\/figure>\r\n\r\n\r\n\r\n<p class=\"wp-block-paragraph\">Son s\u00f3lo\u00a0\u00a0<strong>3 semanas<\/strong>\u00a0\u00a0las que han hecho falta para instalar todas estas placas en una superficie fotovoltaica de 490 m\u00a0<sup>2<\/sup>\u00a0\u00a0, que generar\u00e1n una energ\u00eda total de\u00a0\u00a0<strong>179.130 kWh\u00a0<\/strong>\u00a0anuales, ayudando al complejo ser energ\u00e9ticamente independiente.<\/p>\r\n\r\n\r\n\r\n<h4><strong>Caracter\u00edsticas de la instalaci\u00f3n:<\/strong><\/h4>\r\n\r\n\r\n\r\n<figure class=\"wp-block-table\">\r\n<table>\r\n<tbody>\r\n<tr>\r\n<td>Localizaci\u00f3n<\/td>\r\n<td>Escuela Serena Valls &#8211; St Andreu de Llavaneres<\/td>\r\n<\/tr>\r\n<tr>\r\n<td>Potencia instalada<\/td>\r\n<td>100 kWn<\/td>\r\n<\/tr>\r\n<tr>\r\n<td>Modalidad<\/td>\r\n<td>Autoconsumo colectivo<\/td>\r\n<\/tr>\r\n<tr>\r\n<td>Energ\u00eda total producida<\/td>\r\n<td>179.130 kWh\/a\u00f1o<\/td>\r\n<\/tr>\r\n<tr>\r\n<td>Emisiones CO\u00a0<sub>2<\/sub>\u00a0\u00a0evitadas<\/td>\r\n<td>46,3 t\/a\u00f1o<\/td>\r\n<\/tr>\r\n<tr>\r\n<td>Plazo de ejecuci\u00f3n<\/td>\r\n<td>3 semanas<\/td>\r\n<\/tr>\r\n<tr>\r\n<td>Placas instaladas<\/td>\r\n<td>215<\/td>\r\n<\/tr>\r\n<tr>\r\n<td>Superficie<\/td>\r\n<td>490 m\u00a0<sup>2<\/sup><\/td>\r\n<\/tr>\r\n<tr>\r\n<td>\u00c9xito de la obra<\/td>\r\n<td>Alcanzado satisfactoriamente<\/td>\r\n<\/tr>\r\n<\/tbody>\r\n<\/table>\r\n<\/figure>\r\n\r\n\r\n\r\n\r\n\r\n<p class=\"PDq2pG_selectionAnchorContainer wp-block-paragraph\" data-start=\"0\" data-end=\"392\">Estamos orgullosos de haber finalizado satisfactoriamente esta obra y de poder ofrecer una soluci\u00f3n energ\u00e9tica sostenible y respetuosa con el medio ambiente en la escuela Serena Vall. En <a class=\"decorated-link\" href=\"http:\/\/boquet.cat\" target=\"_new\" rel=\"noopener\" data-start=\"187\" data-end=\"218\"><strong data-start=\"188\" data-end=\"198\">Boquet<\/strong><\/a> ofrecemos <strong data-start=\"229\" data-end=\"258\">soluciones personalizadas<\/strong> de acuerdo con las necesidades de nuestros clientes, siempre con la <strong data-start=\"327\" data-end=\"370\">profesionalidad, experiencia y seriedad<\/strong> que nos caracterizan.<\/p>\r\n<p data-start=\"394\" data-end=\"823\">Esta actuaci\u00f3n permitir\u00e1 al centro reducir su consumo de electricidad, aprovechar una fuente de energ\u00eda limpia y disminuir progresivamente su impacto ambiental. Adem\u00e1s, contribuir\u00e1 a transmitir al alumnado la importancia de las energ\u00edas renovables y del uso responsable de los recursos. Nuestro equipo ha trabajado para garantizar una instalaci\u00f3n eficiente, segura, duradera y adaptada a las caracter\u00edsticas del edificio escolar.<\/p>\r\n<p data-start=\"825\" data-end=\"1085\" data-is-last-node=\"\" data-is-only-node=\"\">Si est\u00e1 interesado en conocer m\u00e1s detalles sobre este proyecto o est\u00e1 considerando una instalaci\u00f3n similar, estaremos encantados de atenderle. <a class=\"decorated-link cursor-pointer\" rel=\"noopener\" data-start=\"968\" data-end=\"1007\"><strong data-start=\"969\" data-end=\"981\">Contacte<\/strong><\/a> con nosotros y juntos haremos realidad sus objetivos energ\u00e9ticos sostenibles.<\/p>\r\n","protected":false},"excerpt":{"rendered":"<p>Nueva instalaci\u00f3n fotovoltaica en la escuela Serena Vall La escuela Serena Vall de Llavaneres ya puede disfrutar de una nueva instalaci\u00f3n solar de\u00a0\u00a0215 m\u00f3dulos fotovoltaicos.\u00a0Esta instalaci\u00f3n representa un gran salto en la producci\u00f3n de energ\u00eda del recinto, que podr\u00e1 generar energ\u00eda limpia y ayudar a las altas demandas de un edificio como es una escuela.\u00a0Boquet\u00a0\u00a0(\u00a0empresa [&hellip;]<\/p>\n","protected":false},"author":1,"featured_media":3337,"comment_status":"closed","ping_status":"closed","sticky":false,"template":"","format":"standard","meta":{"footnotes":""},"categories":[47,49],"tags":[],"class_list":["post-3290","post","type-post","status-publish","format-standard","has-post-thumbnail","hentry","category-proyectos-es","category-solar-es"],"yoast_head":"<!-- This site is optimized with the Yoast SEO plugin v28.3 - https:\/\/yoast.com\/product\/yoast-seo-wordpress\/ -->\n<title>Nueva instalaci\u00f3n fotovoltaica en la escuela Serena Vall - Boquet<\/title>\n<meta name=\"description\" content=\"Nueva instalaci\u00f3n fotovoltaica en la escuela Serena Vall, una soluci\u00f3n sostenible que reduce el consumo energ\u00e9tico y las emisiones de CO\u2082.\" \/>\n<meta name=\"robots\" content=\"index, follow, max-snippet:-1, max-image-preview:large, max-video-preview:-1\" \/>\n<link rel=\"canonical\" href=\"https:\/\/boquet.cat\/es\/blog\/2024\/01\/19\/nueva-instalacion-fotovoltaica-en-la-escuela-serena-vall\/\" \/>\n<meta property=\"og:locale\" content=\"es_ES\" \/>\n<meta property=\"og:type\" content=\"article\" \/>\n<meta property=\"og:title\" content=\"Nueva instalaci\u00f3n fotovoltaica en la escuela Serena Vall - Boquet\" \/>\n<meta property=\"og:description\" content=\"Nueva instalaci\u00f3n fotovoltaica en la escuela Serena Vall, una soluci\u00f3n sostenible que reduce el consumo energ\u00e9tico y las emisiones de CO\u2082.\" \/>\n<meta property=\"og:url\" content=\"https:\/\/boquet.cat\/es\/blog\/2024\/01\/19\/nueva-instalacion-fotovoltaica-en-la-escuela-serena-vall\/\" \/>\n<meta property=\"og:site_name\" content=\"Boquet\" \/>\n<meta property=\"article:published_time\" content=\"2024-01-19T13:21:15+00:00\" \/>\n<meta property=\"article:modified_time\" content=\"2026-08-27T09:53:37+00:00\" \/>\n<meta property=\"og:image\" content=\"https:\/\/boquet.cat\/wp-content\/uploads\/2024\/01\/dji_0369-1024x768-1.jpg\" \/>\n\t<meta property=\"og:image:width\" content=\"1024\" \/>\n\t<meta property=\"og:image:height\" content=\"768\" \/>\n\t<meta property=\"og:image:type\" content=\"image\/jpeg\" \/>\n<meta name=\"author\" content=\"admin\" \/>\n<meta name=\"twitter:card\" content=\"summary_large_image\" \/>\n<meta name=\"twitter:label1\" content=\"Escrito por\" \/>\n\t<meta name=\"twitter:data1\" content=\"admin\" \/>\n\t<meta name=\"twitter:label2\" content=\"Tiempo de lectura\" \/>\n\t<meta name=\"twitter:data2\" content=\"3 minutos\" \/>\n<script type=\"application\/ld+json\" class=\"yoast-schema-graph\">{\"@context\":\"https:\\\/\\\/schema.org\",\"@graph\":[{\"@type\":\"Article\",\"@id\":\"https:\\\/\\\/boquet.cat\\\/es\\\/blog\\\/2024\\\/01\\\/19\\\/nueva-instalacion-fotovoltaica-en-la-escuela-serena-vall\\\/#article\",\"isPartOf\":{\"@id\":\"https:\\\/\\\/boquet.cat\\\/es\\\/blog\\\/2024\\\/01\\\/19\\\/nueva-instalacion-fotovoltaica-en-la-escuela-serena-vall\\\/\"},\"author\":{\"name\":\"admin\",\"@id\":\"https:\\\/\\\/boquet.cat\\\/#\\\/schema\\\/person\\\/1c365c90189d7e98275392a8659620ea\"},\"headline\":\"Nueva instalaci\u00f3n fotovoltaica en la escuela Serena Vall\",\"datePublished\":\"2024-01-19T13:21:15+00:00\",\"dateModified\":\"2026-08-27T09:53:37+00:00\",\"mainEntityOfPage\":{\"@id\":\"https:\\\/\\\/boquet.cat\\\/es\\\/blog\\\/2024\\\/01\\\/19\\\/nueva-instalacion-fotovoltaica-en-la-escuela-serena-vall\\\/\"},\"wordCount\":364,\"image\":{\"@id\":\"https:\\\/\\\/boquet.cat\\\/es\\\/blog\\\/2024\\\/01\\\/19\\\/nueva-instalacion-fotovoltaica-en-la-escuela-serena-vall\\\/#primaryimage\"},\"thumbnailUrl\":\"https:\\\/\\\/boquet.cat\\\/wp-content\\\/uploads\\\/2024\\\/01\\\/dji_0369-1024x768-1.jpg\",\"articleSection\":[\"Proyectos\",\"Solar\"],\"inLanguage\":\"es\"},{\"@type\":\"WebPage\",\"@id\":\"https:\\\/\\\/boquet.cat\\\/es\\\/blog\\\/2024\\\/01\\\/19\\\/nueva-instalacion-fotovoltaica-en-la-escuela-serena-vall\\\/\",\"url\":\"https:\\\/\\\/boquet.cat\\\/es\\\/blog\\\/2024\\\/01\\\/19\\\/nueva-instalacion-fotovoltaica-en-la-escuela-serena-vall\\\/\",\"name\":\"Nueva instalaci\u00f3n fotovoltaica en la escuela Serena Vall - Boquet\",\"isPartOf\":{\"@id\":\"https:\\\/\\\/boquet.cat\\\/#website\"},\"primaryImageOfPage\":{\"@id\":\"https:\\\/\\\/boquet.cat\\\/es\\\/blog\\\/2024\\\/01\\\/19\\\/nueva-instalacion-fotovoltaica-en-la-escuela-serena-vall\\\/#primaryimage\"},\"image\":{\"@id\":\"https:\\\/\\\/boquet.cat\\\/es\\\/blog\\\/2024\\\/01\\\/19\\\/nueva-instalacion-fotovoltaica-en-la-escuela-serena-vall\\\/#primaryimage\"},\"thumbnailUrl\":\"https:\\\/\\\/boquet.cat\\\/wp-content\\\/uploads\\\/2024\\\/01\\\/dji_0369-1024x768-1.jpg\",\"datePublished\":\"2024-01-19T13:21:15+00:00\",\"dateModified\":\"2026-08-27T09:53:37+00:00\",\"author\":{\"@id\":\"https:\\\/\\\/boquet.cat\\\/#\\\/schema\\\/person\\\/1c365c90189d7e98275392a8659620ea\"},\"description\":\"Nueva instalaci\u00f3n fotovoltaica en la escuela Serena Vall, una soluci\u00f3n sostenible que reduce el consumo energ\u00e9tico y las emisiones de CO\u2082.\",\"breadcrumb\":{\"@id\":\"https:\\\/\\\/boquet.cat\\\/es\\\/blog\\\/2024\\\/01\\\/19\\\/nueva-instalacion-fotovoltaica-en-la-escuela-serena-vall\\\/#breadcrumb\"},\"inLanguage\":\"es\",\"potentialAction\":[{\"@type\":\"ReadAction\",\"target\":[\"https:\\\/\\\/boquet.cat\\\/es\\\/blog\\\/2024\\\/01\\\/19\\\/nueva-instalacion-fotovoltaica-en-la-escuela-serena-vall\\\/\"]}]},{\"@type\":\"ImageObject\",\"inLanguage\":\"es\",\"@id\":\"https:\\\/\\\/boquet.cat\\\/es\\\/blog\\\/2024\\\/01\\\/19\\\/nueva-instalacion-fotovoltaica-en-la-escuela-serena-vall\\\/#primaryimage\",\"url\":\"https:\\\/\\\/boquet.cat\\\/wp-content\\\/uploads\\\/2024\\\/01\\\/dji_0369-1024x768-1.jpg\",\"contentUrl\":\"https:\\\/\\\/boquet.cat\\\/wp-content\\\/uploads\\\/2024\\\/01\\\/dji_0369-1024x768-1.jpg\",\"width\":1024,\"height\":768,\"caption\":\"default\"},{\"@type\":\"BreadcrumbList\",\"@id\":\"https:\\\/\\\/boquet.cat\\\/es\\\/blog\\\/2024\\\/01\\\/19\\\/nueva-instalacion-fotovoltaica-en-la-escuela-serena-vall\\\/#breadcrumb\",\"itemListElement\":[{\"@type\":\"ListItem\",\"position\":1,\"name\":\"Inici\",\"item\":\"https:\\\/\\\/boquet.cat\\\/es\\\/inicio\\\/\"},{\"@type\":\"ListItem\",\"position\":2,\"name\":\"Nueva instalaci\u00f3n fotovoltaica en la escuela Serena Vall\"}]},{\"@type\":\"WebSite\",\"@id\":\"https:\\\/\\\/boquet.cat\\\/#website\",\"url\":\"https:\\\/\\\/boquet.cat\\\/\",\"name\":\"Boquet\",\"description\":\"\",\"potentialAction\":[{\"@type\":\"SearchAction\",\"target\":{\"@type\":\"EntryPoint\",\"urlTemplate\":\"https:\\\/\\\/boquet.cat\\\/?s={search_term_string}\"},\"query-input\":{\"@type\":\"PropertyValueSpecification\",\"valueRequired\":true,\"valueName\":\"search_term_string\"}}],\"inLanguage\":\"es\"},{\"@type\":\"Person\",\"@id\":\"https:\\\/\\\/boquet.cat\\\/#\\\/schema\\\/person\\\/1c365c90189d7e98275392a8659620ea\",\"name\":\"admin\",\"image\":{\"@type\":\"ImageObject\",\"inLanguage\":\"es\",\"@id\":\"https:\\\/\\\/secure.gravatar.com\\\/avatar\\\/74a72230a5d1db38752dcb41f399c7c16604457b70623f49f8f546bd670ce226?s=96&d=mm&r=g\",\"url\":\"https:\\\/\\\/secure.gravatar.com\\\/avatar\\\/74a72230a5d1db38752dcb41f399c7c16604457b70623f49f8f546bd670ce226?s=96&d=mm&r=g\",\"contentUrl\":\"https:\\\/\\\/secure.gravatar.com\\\/avatar\\\/74a72230a5d1db38752dcb41f399c7c16604457b70623f49f8f546bd670ce226?s=96&d=mm&r=g\",\"caption\":\"admin\"},\"sameAs\":[\"https:\\\/\\\/boquet.cat\"]}]}<\/script>\n<!-- \/ Yoast SEO plugin. -->","yoast_head_json":{"title":"Nueva instalaci\u00f3n fotovoltaica en la escuela Serena Vall - Boquet","description":"Nueva instalaci\u00f3n fotovoltaica en la escuela Serena Vall, una soluci\u00f3n sostenible que reduce el consumo energ\u00e9tico y las emisiones de CO\u2082.","robots":{"index":"index","follow":"follow","max-snippet":"max-snippet:-1","max-image-preview":"max-image-preview:large","max-video-preview":"max-video-preview:-1"},"canonical":"https:\/\/boquet.cat\/es\/blog\/2024\/01\/19\/nueva-instalacion-fotovoltaica-en-la-escuela-serena-vall\/","og_locale":"es_ES","og_type":"article","og_title":"Nueva instalaci\u00f3n fotovoltaica en la escuela Serena Vall - Boquet","og_description":"Nueva instalaci\u00f3n fotovoltaica en la escuela Serena Vall, una soluci\u00f3n sostenible que reduce el consumo energ\u00e9tico y las emisiones de CO\u2082.","og_url":"https:\/\/boquet.cat\/es\/blog\/2024\/01\/19\/nueva-instalacion-fotovoltaica-en-la-escuela-serena-vall\/","og_site_name":"Boquet","article_published_time":"2024-01-19T13:21:15+00:00","article_modified_time":"2026-08-27T09:53:37+00:00","og_image":[{"width":1024,"height":768,"url":"https:\/\/boquet.cat\/wp-content\/uploads\/2024\/01\/dji_0369-1024x768-1.jpg","type":"image\/jpeg"}],"author":"admin","twitter_card":"summary_large_image","twitter_misc":{"Escrito por":"admin","Tiempo de lectura":"3 minutos"},"schema":{"@context":"https:\/\/schema.org","@graph":[{"@type":"Article","@id":"https:\/\/boquet.cat\/es\/blog\/2024\/01\/19\/nueva-instalacion-fotovoltaica-en-la-escuela-serena-vall\/#article","isPartOf":{"@id":"https:\/\/boquet.cat\/es\/blog\/2024\/01\/19\/nueva-instalacion-fotovoltaica-en-la-escuela-serena-vall\/"},"author":{"name":"admin","@id":"https:\/\/boquet.cat\/#\/schema\/person\/1c365c90189d7e98275392a8659620ea"},"headline":"Nueva instalaci\u00f3n fotovoltaica en la escuela Serena Vall","datePublished":"2024-01-19T13:21:15+00:00","dateModified":"2026-08-27T09:53:37+00:00","mainEntityOfPage":{"@id":"https:\/\/boquet.cat\/es\/blog\/2024\/01\/19\/nueva-instalacion-fotovoltaica-en-la-escuela-serena-vall\/"},"wordCount":364,"image":{"@id":"https:\/\/boquet.cat\/es\/blog\/2024\/01\/19\/nueva-instalacion-fotovoltaica-en-la-escuela-serena-vall\/#primaryimage"},"thumbnailUrl":"https:\/\/boquet.cat\/wp-content\/uploads\/2024\/01\/dji_0369-1024x768-1.jpg","articleSection":["Proyectos","Solar"],"inLanguage":"es"},{"@type":"WebPage","@id":"https:\/\/boquet.cat\/es\/blog\/2024\/01\/19\/nueva-instalacion-fotovoltaica-en-la-escuela-serena-vall\/","url":"https:\/\/boquet.cat\/es\/blog\/2024\/01\/19\/nueva-instalacion-fotovoltaica-en-la-escuela-serena-vall\/","name":"Nueva instalaci\u00f3n fotovoltaica en la escuela Serena Vall - Boquet","isPartOf":{"@id":"https:\/\/boquet.cat\/#website"},"primaryImageOfPage":{"@id":"https:\/\/boquet.cat\/es\/blog\/2024\/01\/19\/nueva-instalacion-fotovoltaica-en-la-escuela-serena-vall\/#primaryimage"},"image":{"@id":"https:\/\/boquet.cat\/es\/blog\/2024\/01\/19\/nueva-instalacion-fotovoltaica-en-la-escuela-serena-vall\/#primaryimage"},"thumbnailUrl":"https:\/\/boquet.cat\/wp-content\/uploads\/2024\/01\/dji_0369-1024x768-1.jpg","datePublished":"2024-01-19T13:21:15+00:00","dateModified":"2026-08-27T09:53:37+00:00","author":{"@id":"https:\/\/boquet.cat\/#\/schema\/person\/1c365c90189d7e98275392a8659620ea"},"description":"Nueva instalaci\u00f3n fotovoltaica en la escuela Serena Vall, una soluci\u00f3n sostenible que reduce el consumo energ\u00e9tico y las emisiones de CO\u2082.","breadcrumb":{"@id":"https:\/\/boquet.cat\/es\/blog\/2024\/01\/19\/nueva-instalacion-fotovoltaica-en-la-escuela-serena-vall\/#breadcrumb"},"inLanguage":"es","potentialAction":[{"@type":"ReadAction","target":["https:\/\/boquet.cat\/es\/blog\/2024\/01\/19\/nueva-instalacion-fotovoltaica-en-la-escuela-serena-vall\/"]}]},{"@type":"ImageObject","inLanguage":"es","@id":"https:\/\/boquet.cat\/es\/blog\/2024\/01\/19\/nueva-instalacion-fotovoltaica-en-la-escuela-serena-vall\/#primaryimage","url":"https:\/\/boquet.cat\/wp-content\/uploads\/2024\/01\/dji_0369-1024x768-1.jpg","contentUrl":"https:\/\/boquet.cat\/wp-content\/uploads\/2024\/01\/dji_0369-1024x768-1.jpg","width":1024,"height":768,"caption":"default"},{"@type":"BreadcrumbList","@id":"https:\/\/boquet.cat\/es\/blog\/2024\/01\/19\/nueva-instalacion-fotovoltaica-en-la-escuela-serena-vall\/#breadcrumb","itemListElement":[{"@type":"ListItem","position":1,"name":"Inici","item":"https:\/\/boquet.cat\/es\/inicio\/"},{"@type":"ListItem","position":2,"name":"Nueva instalaci\u00f3n fotovoltaica en la escuela Serena Vall"}]},{"@type":"WebSite","@id":"https:\/\/boquet.cat\/#website","url":"https:\/\/boquet.cat\/","name":"Boquet","description":"","potentialAction":[{"@type":"SearchAction","target":{"@type":"EntryPoint","urlTemplate":"https:\/\/boquet.cat\/?s={search_term_string}"},"query-input":{"@type":"PropertyValueSpecification","valueRequired":true,"valueName":"search_term_string"}}],"inLanguage":"es"},{"@type":"Person","@id":"https:\/\/boquet.cat\/#\/schema\/person\/1c365c90189d7e98275392a8659620ea","name":"admin","image":{"@type":"ImageObject","inLanguage":"es","@id":"https:\/\/secure.gravatar.com\/avatar\/74a72230a5d1db38752dcb41f399c7c16604457b70623f49f8f546bd670ce226?s=96&d=mm&r=g","url":"https:\/\/secure.gravatar.com\/avatar\/74a72230a5d1db38752dcb41f399c7c16604457b70623f49f8f546bd670ce226?s=96&d=mm&r=g","contentUrl":"https:\/\/secure.gravatar.com\/avatar\/74a72230a5d1db38752dcb41f399c7c16604457b70623f49f8f546bd670ce226?s=96&d=mm&r=g","caption":"admin"},"sameAs":["https:\/\/boquet.cat"]}]}},"_links":{"self":[{"href":"https:\/\/boquet.cat\/es\/wp-json\/wp\/v2\/posts\/3290","targetHints":{"allow":["GET"]}}],"collection":[{"href":"https:\/\/boquet.cat\/es\/wp-json\/wp\/v2\/posts"}],"about":[{"href":"https:\/\/boquet.cat\/es\/wp-json\/wp\/v2\/types\/post"}],"author":[{"embeddable":true,"href":"https:\/\/boquet.cat\/es\/wp-json\/wp\/v2\/users\/1"}],"replies":[{"embeddable":true,"href":"https:\/\/boquet.cat\/es\/wp-json\/wp\/v2\/comments?post=3290"}],"version-history":[{"count":2,"href":"https:\/\/boquet.cat\/es\/wp-json\/wp\/v2\/posts\/3290\/revisions"}],"predecessor-version":[{"id":6944,"href":"https:\/\/boquet.cat\/es\/wp-json\/wp\/v2\/posts\/3290\/revisions\/6944"}],"wp:featuredmedia":[{"embeddable":true,"href":"https:\/\/boquet.cat\/es\/wp-json\/wp\/v2\/media\/3337"}],"wp:attachment":[{"href":"https:\/\/boquet.cat\/es\/wp-json\/wp\/v2\/media?parent=3290"}],"wp:term":[{"taxonomy":"category","embeddable":true,"href":"https:\/\/boquet.cat\/es\/wp-json\/wp\/v2\/categories?post=3290"},{"taxonomy":"post_tag","embeddable":true,"href":"https:\/\/boquet.cat\/es\/wp-json\/wp\/v2\/tags?post=3290"}],"curies":[{"name":"wp","href":"https:\/\/api.w.org\/{rel}","templated":true}]}}