{"id":4061,"date":"2024-04-12T08:46:08","date_gmt":"2024-04-12T08:46:08","guid":{"rendered":"https:\/\/boquet.cat\/?p=4061"},"modified":"2026-08-27T09:48:39","modified_gmt":"2026-08-27T09:48:39","slug":"biblioteca-ernest-lluch-evita-28-tco%e2%82%82","status":"publish","type":"post","link":"https:\/\/boquet.cat\/es\/blog\/2024\/04\/12\/biblioteca-ernest-lluch-evita-28-tco%e2%82%82\/","title":{"rendered":"Biblioteca Ernest Lluch evita 28 tCO\u2082"},"content":{"rendered":"<h2>Biblioteca Ernest Lluch evita 28 tCO\u2082<\/h2>\n<p>La <a class=\"decorated-link\" href=\"https:\/\/bibliotecavirtual.diba.cat\/es\/vilassar-de-mar-biblioteca-ernest-lluch-i-martin\" target=\"_new\" rel=\"noopener\" data-start=\"3\" data-end=\"135\">Biblioteca Municipal Ernest Lluch i Mart\u00edn<\/a>, situada en Vilassar de Mar, <strong data-start=\"165\" data-end=\"217\">evitar\u00e1 la emisi\u00f3n de 28 toneladas de CO\u2082 al a\u00f1o<\/strong> gracias a su nueva instalaci\u00f3n solar fotovoltaica. Esta reducci\u00f3n equivale aproximadamente a <strong data-start=\"311\" data-end=\"352\">18.666 botellas de agua de 1,5 litros<\/strong>. Una cifra que permite visualizar el importante impacto positivo de esta actuaci\u00f3n sobre el medio ambiente.<\/p>\n<div class='avia-iframe-wrap'><iframe loading=\"lazy\" title=\"Electricitat Boquet - Instal\u00b7laci\u00f3 fotovoltaica Biblioteca Municipal Ernest Lluch i Mart\u00edn\" width=\"1500\" height=\"844\" src=\"https:\/\/www.youtube.com\/embed\/NN7cqX5DhdM?feature=oembed&#038;enablejsapi=1&#038;origin=https:\/\/boquet.cat\" frameborder=\"0\" allow=\"accelerometer; autoplay; clipboard-write; encrypted-media; gyroscope; picture-in-picture; web-share\" referrerpolicy=\"strict-origin-when-cross-origin\" allowfullscreen><\/iframe><\/div>\n<p class=\"PDq2pG_selectionAnchorContainer\" data-start=\"462\" data-end=\"756\">La instalaci\u00f3n ha sido ejecutada por <a class=\"decorated-link\" href=\"http:\/\/boquet.cat\" target=\"_new\" rel=\"noopener\" data-start=\"499\" data-end=\"530\"><strong data-start=\"500\" data-end=\"510\">Boquet<\/strong><\/a>, empresa instaladora de servicios integrales, y est\u00e1 formada por <strong data-start=\"596\" data-end=\"625\">260 m\u00f3dulos fotovoltaicos<\/strong>. Las placas ocupan una superficie total de 520 m\u00b2 y permitir\u00e1n generar alrededor de <strong data-start=\"710\" data-end=\"755\">114.482 kWh de energ\u00eda renovable cada a\u00f1o<\/strong>.<\/p>\n<p data-start=\"758\" data-end=\"1129\">Este proyecto ayudar\u00e1 a reducir considerablemente el consumo de electricidad procedente de la red y permitir\u00e1 que la biblioteca avance hacia un modelo energ\u00e9tico m\u00e1s eficiente, sostenible y responsable. Adem\u00e1s, la modalidad de autoconsumo colectivo facilita un mejor aprovechamiento de la energ\u00eda producida, beneficiando a distintos equipamientos y servicios municipales.<\/p>\n<h4><strong>Caracter\u00edsticas de la instalaci\u00f3n:<\/strong><\/h4>\n<figure class=\"wp-block-table\">\n<table>\n<tbody>\n<tr>\n<td>Localizaci\u00f3n<\/td>\n<td>Biblioteca Municipal Ernest Luch i Mart\u00edn \u2013 Vilassar de Mar<\/td>\n<\/tr>\n<tr>\n<td>Potencia instalada<\/td>\n<td>100 kWn<\/td>\n<\/tr>\n<tr>\n<td>Modalidad<\/td>\n<td>Autoconsumo colectivo<\/td>\n<\/tr>\n<tr>\n<td>Energ\u00eda total producida<\/td>\n<td>114.482 kWh\/a\u00f1o<\/td>\n<\/tr>\n<tr>\n<td>Emisiones CO\u00a0<sub>2<\/sub>\u00a0\u00a0evitadas<\/td>\n<td>28 t\/a\u00f1o<\/td>\n<\/tr>\n<tr>\n<td><\/td>\n<td><\/td>\n<\/tr>\n<tr>\n<td>Placas instaladas<\/td>\n<td>260<\/td>\n<\/tr>\n<tr>\n<td>Superficie fotovoltaica<\/td>\n<td>520 m\u00a0<sup>2<\/sup><\/td>\n<\/tr>\n<tr>\n<td>\u00c9xito de la obra<\/td>\n<td>Alcanzado satisfactoriamente<\/td>\n<\/tr>\n<\/tbody>\n<\/table>\n<\/figure>\n<figure class=\"wp-block-image aligncenter size-large is-resized\"><img loading=\"lazy\" decoding=\"async\" class=\"alignnone wp-image-4023\" title=\"instalaci\u00f3n fotovoltaica en Biblioteca Municipal Ernest Lluch i Mart\u00edn\" src=\"https:\/\/boquet.cat\/wp-content\/uploads\/2024\/04\/DJI_0917-scaled.jpg\" alt=\"instalaci\u00f3n fotovoltaica en Biblioteca Municipal Ernest Lluch i Mart\u00edn\" width=\"786\" height=\"589\" srcset=\"https:\/\/boquet.cat\/wp-content\/uploads\/2024\/04\/DJI_0917-scaled.jpg 2560w, https:\/\/boquet.cat\/wp-content\/uploads\/2024\/04\/DJI_0917-300x225.jpg 300w, https:\/\/boquet.cat\/wp-content\/uploads\/2024\/04\/DJI_0917-1030x773.jpg 1030w, https:\/\/boquet.cat\/wp-content\/uploads\/2024\/04\/DJI_0917-768x576.jpg 768w, https:\/\/boquet.cat\/wp-content\/uploads\/2024\/04\/DJI_0917-1536x1152.jpg 1536w, https:\/\/boquet.cat\/wp-content\/uploads\/2024\/04\/DJI_0917-2048x1536.jpg 2048w, https:\/\/boquet.cat\/wp-content\/uploads\/2024\/04\/DJI_0917-1500x1125.jpg 1500w, https:\/\/boquet.cat\/wp-content\/uploads\/2024\/04\/DJI_0917-705x529.jpg 705w\" sizes=\"auto, (max-width: 786px) 100vw, 786px\" \/><\/figure>\n<p>&nbsp;<\/p>\n<p class=\"PDq2pG_selectionAnchorContainer\" data-start=\"0\" data-end=\"205\">Estamos orgullosos de haber finalizado satisfactoriamente esta obra y de poder ofrecer una soluci\u00f3n energ\u00e9tica sostenible y respetuosa con el medio ambiente a la Biblioteca Municipal Ernest Lluch i Mart\u00edn.<\/p>\n<p data-start=\"207\" data-end=\"663\">En <a class=\"decorated-link\" href=\"http:\/\/boquet.cat\" target=\"_new\" rel=\"noopener\" data-start=\"210\" data-end=\"241\"><strong data-start=\"211\" data-end=\"221\">Boquet<\/strong><\/a> desarrollamos <strong data-start=\"256\" data-end=\"285\">soluciones personalizadas<\/strong> de acuerdo con las necesidades de cada cliente, aportando la <strong data-start=\"347\" data-end=\"390\">profesionalidad, experiencia y seriedad<\/strong> que nos caracterizan durante todas las fases del proyecto. Nuestro equipo estudia cada caso de manera individual para garantizar el m\u00e1ximo rendimiento, optimizar el consumo energ\u00e9tico y asegurar una instalaci\u00f3n fiable, eficiente, duradera, segura y rentable a largo plazo.<\/p>\n<p data-start=\"665\" data-end=\"896\" data-is-last-node=\"\" data-is-only-node=\"\">Si desea conocer m\u00e1s detalles sobre esta actuaci\u00f3n o est\u00e1 considerando realizar una instalaci\u00f3n similar, estaremos encantados de asesorarle. <strong data-start=\"806\" data-end=\"831\">Contacte con nosotros<\/strong> y juntos haremos realidad sus objetivos energ\u00e9ticos sostenibles.<\/p>\n","protected":false},"excerpt":{"rendered":"<p>Biblioteca Ernest Lluch evita 28 tCO\u2082 La Biblioteca Municipal Ernest Lluch i Mart\u00edn, situada en Vilassar de Mar, evitar\u00e1 la emisi\u00f3n de 28 toneladas de CO\u2082 al a\u00f1o gracias a su nueva instalaci\u00f3n solar fotovoltaica. Esta reducci\u00f3n equivale aproximadamente a 18.666 botellas de agua de 1,5 litros. Una cifra que permite visualizar el importante impacto [&hellip;]<\/p>\n","protected":false},"author":3,"featured_media":4024,"comment_status":"open","ping_status":"closed","sticky":false,"template":"","format":"standard","meta":{"footnotes":""},"categories":[4],"tags":[],"class_list":["post-4061","post","type-post","status-publish","format-standard","has-post-thumbnail","hentry","category-noticias"],"yoast_head":"<!-- This site is optimized with the Yoast SEO plugin v28.3 - https:\/\/yoast.com\/product\/yoast-seo-wordpress\/ -->\n<title>Biblioteca Ernest Lluch evita 28 tCO\u2082 - Boquet<\/title>\n<meta name=\"description\" content=\"Biblioteca Ernest Lluch evita 28 tCO\u2082. Gracias a su nueva instalaci\u00f3n fotovoltaica, evita toneladas de emisi\u00f3n de carbono. \u00a1Inf\u00f3rmate aqu\u00ed!\" \/>\n<meta name=\"robots\" content=\"index, follow, max-snippet:-1, max-image-preview:large, max-video-preview:-1\" \/>\n<link rel=\"canonical\" href=\"https:\/\/boquet.cat\/es\/blog\/2024\/04\/12\/biblioteca-ernest-lluch-evita-28-tco\u2082\/\" \/>\n<meta property=\"og:locale\" content=\"es_ES\" \/>\n<meta property=\"og:type\" content=\"article\" \/>\n<meta property=\"og:title\" content=\"Biblioteca Ernest Lluch evita 28 tCO\u2082 - Boquet\" \/>\n<meta property=\"og:description\" content=\"Biblioteca Ernest Lluch evita 28 tCO\u2082. Gracias a su nueva instalaci\u00f3n fotovoltaica, evita toneladas de emisi\u00f3n de carbono. \u00a1Inf\u00f3rmate aqu\u00ed!\" \/>\n<meta property=\"og:url\" content=\"https:\/\/boquet.cat\/es\/blog\/2024\/04\/12\/biblioteca-ernest-lluch-evita-28-tco\u2082\/\" \/>\n<meta property=\"og:site_name\" content=\"Boquet\" \/>\n<meta property=\"article:published_time\" content=\"2024-04-12T08:46:08+00:00\" \/>\n<meta property=\"article:modified_time\" content=\"2026-08-27T09:48:39+00:00\" \/>\n<meta property=\"og:image\" content=\"https:\/\/boquet.cat\/wp-content\/uploads\/2024\/04\/DJI_0917-1030x773.jpg\" \/>\n\t<meta property=\"og:image:width\" content=\"1030\" \/>\n\t<meta property=\"og:image:height\" content=\"773\" \/>\n\t<meta property=\"og:image:type\" content=\"image\/jpeg\" \/>\n<meta name=\"author\" content=\"joel\" \/>\n<meta name=\"twitter:card\" content=\"summary_large_image\" \/>\n<meta name=\"twitter:label1\" content=\"Escrito por\" \/>\n\t<meta name=\"twitter:data1\" content=\"joel\" \/>\n\t<meta name=\"twitter:label2\" content=\"Tiempo de lectura\" \/>\n\t<meta name=\"twitter:data2\" content=\"2 minutos\" \/>\n<script type=\"application\/ld+json\" class=\"yoast-schema-graph\">{\"@context\":\"https:\\\/\\\/schema.org\",\"@graph\":[{\"@type\":\"Article\",\"@id\":\"https:\\\/\\\/boquet.cat\\\/es\\\/blog\\\/2024\\\/04\\\/12\\\/biblioteca-ernest-lluch-evita-28-tco%e2%82%82\\\/#article\",\"isPartOf\":{\"@id\":\"https:\\\/\\\/boquet.cat\\\/es\\\/blog\\\/2024\\\/04\\\/12\\\/biblioteca-ernest-lluch-evita-28-tco%e2%82%82\\\/\"},\"author\":{\"name\":\"joel\",\"@id\":\"https:\\\/\\\/boquet.cat\\\/#\\\/schema\\\/person\\\/c5bd506cea69746c657fa6053d24b821\"},\"headline\":\"Biblioteca Ernest Lluch evita 28 tCO\u2082\",\"datePublished\":\"2024-04-12T08:46:08+00:00\",\"dateModified\":\"2026-08-27T09:48:39+00:00\",\"mainEntityOfPage\":{\"@id\":\"https:\\\/\\\/boquet.cat\\\/es\\\/blog\\\/2024\\\/04\\\/12\\\/biblioteca-ernest-lluch-evita-28-tco%e2%82%82\\\/\"},\"wordCount\":349,\"commentCount\":0,\"image\":{\"@id\":\"https:\\\/\\\/boquet.cat\\\/es\\\/blog\\\/2024\\\/04\\\/12\\\/biblioteca-ernest-lluch-evita-28-tco%e2%82%82\\\/#primaryimage\"},\"thumbnailUrl\":\"https:\\\/\\\/boquet.cat\\\/wp-content\\\/uploads\\\/2024\\\/04\\\/DJI_0917-scaled.jpg\",\"articleSection\":[\"Noticias\"],\"inLanguage\":\"es\",\"potentialAction\":[{\"@type\":\"CommentAction\",\"name\":\"Comment\",\"target\":[\"https:\\\/\\\/boquet.cat\\\/es\\\/blog\\\/2024\\\/04\\\/12\\\/biblioteca-ernest-lluch-evita-28-tco%e2%82%82\\\/#respond\"]}]},{\"@type\":\"WebPage\",\"@id\":\"https:\\\/\\\/boquet.cat\\\/es\\\/blog\\\/2024\\\/04\\\/12\\\/biblioteca-ernest-lluch-evita-28-tco%e2%82%82\\\/\",\"url\":\"https:\\\/\\\/boquet.cat\\\/es\\\/blog\\\/2024\\\/04\\\/12\\\/biblioteca-ernest-lluch-evita-28-tco%e2%82%82\\\/\",\"name\":\"Biblioteca Ernest Lluch evita 28 tCO\u2082 - Boquet\",\"isPartOf\":{\"@id\":\"https:\\\/\\\/boquet.cat\\\/#website\"},\"primaryImageOfPage\":{\"@id\":\"https:\\\/\\\/boquet.cat\\\/es\\\/blog\\\/2024\\\/04\\\/12\\\/biblioteca-ernest-lluch-evita-28-tco%e2%82%82\\\/#primaryimage\"},\"image\":{\"@id\":\"https:\\\/\\\/boquet.cat\\\/es\\\/blog\\\/2024\\\/04\\\/12\\\/biblioteca-ernest-lluch-evita-28-tco%e2%82%82\\\/#primaryimage\"},\"thumbnailUrl\":\"https:\\\/\\\/boquet.cat\\\/wp-content\\\/uploads\\\/2024\\\/04\\\/DJI_0917-scaled.jpg\",\"datePublished\":\"2024-04-12T08:46:08+00:00\",\"dateModified\":\"2026-08-27T09:48:39+00:00\",\"author\":{\"@id\":\"https:\\\/\\\/boquet.cat\\\/#\\\/schema\\\/person\\\/c5bd506cea69746c657fa6053d24b821\"},\"description\":\"Biblioteca Ernest Lluch evita 28 tCO\u2082. Gracias a su nueva instalaci\u00f3n fotovoltaica, evita toneladas de emisi\u00f3n de carbono. \u00a1Inf\u00f3rmate aqu\u00ed!\",\"breadcrumb\":{\"@id\":\"https:\\\/\\\/boquet.cat\\\/es\\\/blog\\\/2024\\\/04\\\/12\\\/biblioteca-ernest-lluch-evita-28-tco%e2%82%82\\\/#breadcrumb\"},\"inLanguage\":\"es\",\"potentialAction\":[{\"@type\":\"ReadAction\",\"target\":[\"https:\\\/\\\/boquet.cat\\\/es\\\/blog\\\/2024\\\/04\\\/12\\\/biblioteca-ernest-lluch-evita-28-tco%e2%82%82\\\/\"]}]},{\"@type\":\"ImageObject\",\"inLanguage\":\"es\",\"@id\":\"https:\\\/\\\/boquet.cat\\\/es\\\/blog\\\/2024\\\/04\\\/12\\\/biblioteca-ernest-lluch-evita-28-tco%e2%82%82\\\/#primaryimage\",\"url\":\"https:\\\/\\\/boquet.cat\\\/wp-content\\\/uploads\\\/2024\\\/04\\\/DJI_0917-scaled.jpg\",\"contentUrl\":\"https:\\\/\\\/boquet.cat\\\/wp-content\\\/uploads\\\/2024\\\/04\\\/DJI_0917-scaled.jpg\",\"width\":2560,\"height\":1920,\"caption\":\"default\"},{\"@type\":\"BreadcrumbList\",\"@id\":\"https:\\\/\\\/boquet.cat\\\/es\\\/blog\\\/2024\\\/04\\\/12\\\/biblioteca-ernest-lluch-evita-28-tco%e2%82%82\\\/#breadcrumb\",\"itemListElement\":[{\"@type\":\"ListItem\",\"position\":1,\"name\":\"Inici\",\"item\":\"https:\\\/\\\/boquet.cat\\\/es\\\/inicio\\\/\"},{\"@type\":\"ListItem\",\"position\":2,\"name\":\"Biblioteca Ernest Lluch evita 28 tCO\u2082\"}]},{\"@type\":\"WebSite\",\"@id\":\"https:\\\/\\\/boquet.cat\\\/#website\",\"url\":\"https:\\\/\\\/boquet.cat\\\/\",\"name\":\"Boquet\",\"description\":\"\",\"potentialAction\":[{\"@type\":\"SearchAction\",\"target\":{\"@type\":\"EntryPoint\",\"urlTemplate\":\"https:\\\/\\\/boquet.cat\\\/?s={search_term_string}\"},\"query-input\":{\"@type\":\"PropertyValueSpecification\",\"valueRequired\":true,\"valueName\":\"search_term_string\"}}],\"inLanguage\":\"es\"},{\"@type\":\"Person\",\"@id\":\"https:\\\/\\\/boquet.cat\\\/#\\\/schema\\\/person\\\/c5bd506cea69746c657fa6053d24b821\",\"name\":\"joel\",\"image\":{\"@type\":\"ImageObject\",\"inLanguage\":\"es\",\"@id\":\"https:\\\/\\\/secure.gravatar.com\\\/avatar\\\/3dd42cae7ac20e2eee44762b17003ed21abd1059342e801ba05ef78020c24dff?s=96&d=mm&r=g\",\"url\":\"https:\\\/\\\/secure.gravatar.com\\\/avatar\\\/3dd42cae7ac20e2eee44762b17003ed21abd1059342e801ba05ef78020c24dff?s=96&d=mm&r=g\",\"contentUrl\":\"https:\\\/\\\/secure.gravatar.com\\\/avatar\\\/3dd42cae7ac20e2eee44762b17003ed21abd1059342e801ba05ef78020c24dff?s=96&d=mm&r=g\",\"caption\":\"joel\"}}]}<\/script>\n<!-- \/ Yoast SEO plugin. -->","yoast_head_json":{"title":"Biblioteca Ernest Lluch evita 28 tCO\u2082 - Boquet","description":"Biblioteca Ernest Lluch evita 28 tCO\u2082. Gracias a su nueva instalaci\u00f3n fotovoltaica, evita toneladas de emisi\u00f3n de carbono. \u00a1Inf\u00f3rmate aqu\u00ed!","robots":{"index":"index","follow":"follow","max-snippet":"max-snippet:-1","max-image-preview":"max-image-preview:large","max-video-preview":"max-video-preview:-1"},"canonical":"https:\/\/boquet.cat\/es\/blog\/2024\/04\/12\/biblioteca-ernest-lluch-evita-28-tco\u2082\/","og_locale":"es_ES","og_type":"article","og_title":"Biblioteca Ernest Lluch evita 28 tCO\u2082 - Boquet","og_description":"Biblioteca Ernest Lluch evita 28 tCO\u2082. Gracias a su nueva instalaci\u00f3n fotovoltaica, evita toneladas de emisi\u00f3n de carbono. \u00a1Inf\u00f3rmate aqu\u00ed!","og_url":"https:\/\/boquet.cat\/es\/blog\/2024\/04\/12\/biblioteca-ernest-lluch-evita-28-tco\u2082\/","og_site_name":"Boquet","article_published_time":"2024-04-12T08:46:08+00:00","article_modified_time":"2026-08-27T09:48:39+00:00","og_image":[{"width":1030,"height":773,"url":"https:\/\/boquet.cat\/wp-content\/uploads\/2024\/04\/DJI_0917-1030x773.jpg","type":"image\/jpeg"}],"author":"joel","twitter_card":"summary_large_image","twitter_misc":{"Escrito por":"joel","Tiempo de lectura":"2 minutos"},"schema":{"@context":"https:\/\/schema.org","@graph":[{"@type":"Article","@id":"https:\/\/boquet.cat\/es\/blog\/2024\/04\/12\/biblioteca-ernest-lluch-evita-28-tco%e2%82%82\/#article","isPartOf":{"@id":"https:\/\/boquet.cat\/es\/blog\/2024\/04\/12\/biblioteca-ernest-lluch-evita-28-tco%e2%82%82\/"},"author":{"name":"joel","@id":"https:\/\/boquet.cat\/#\/schema\/person\/c5bd506cea69746c657fa6053d24b821"},"headline":"Biblioteca Ernest Lluch evita 28 tCO\u2082","datePublished":"2024-04-12T08:46:08+00:00","dateModified":"2026-08-27T09:48:39+00:00","mainEntityOfPage":{"@id":"https:\/\/boquet.cat\/es\/blog\/2024\/04\/12\/biblioteca-ernest-lluch-evita-28-tco%e2%82%82\/"},"wordCount":349,"commentCount":0,"image":{"@id":"https:\/\/boquet.cat\/es\/blog\/2024\/04\/12\/biblioteca-ernest-lluch-evita-28-tco%e2%82%82\/#primaryimage"},"thumbnailUrl":"https:\/\/boquet.cat\/wp-content\/uploads\/2024\/04\/DJI_0917-scaled.jpg","articleSection":["Noticias"],"inLanguage":"es","potentialAction":[{"@type":"CommentAction","name":"Comment","target":["https:\/\/boquet.cat\/es\/blog\/2024\/04\/12\/biblioteca-ernest-lluch-evita-28-tco%e2%82%82\/#respond"]}]},{"@type":"WebPage","@id":"https:\/\/boquet.cat\/es\/blog\/2024\/04\/12\/biblioteca-ernest-lluch-evita-28-tco%e2%82%82\/","url":"https:\/\/boquet.cat\/es\/blog\/2024\/04\/12\/biblioteca-ernest-lluch-evita-28-tco%e2%82%82\/","name":"Biblioteca Ernest Lluch evita 28 tCO\u2082 - Boquet","isPartOf":{"@id":"https:\/\/boquet.cat\/#website"},"primaryImageOfPage":{"@id":"https:\/\/boquet.cat\/es\/blog\/2024\/04\/12\/biblioteca-ernest-lluch-evita-28-tco%e2%82%82\/#primaryimage"},"image":{"@id":"https:\/\/boquet.cat\/es\/blog\/2024\/04\/12\/biblioteca-ernest-lluch-evita-28-tco%e2%82%82\/#primaryimage"},"thumbnailUrl":"https:\/\/boquet.cat\/wp-content\/uploads\/2024\/04\/DJI_0917-scaled.jpg","datePublished":"2024-04-12T08:46:08+00:00","dateModified":"2026-08-27T09:48:39+00:00","author":{"@id":"https:\/\/boquet.cat\/#\/schema\/person\/c5bd506cea69746c657fa6053d24b821"},"description":"Biblioteca Ernest Lluch evita 28 tCO\u2082. Gracias a su nueva instalaci\u00f3n fotovoltaica, evita toneladas de emisi\u00f3n de carbono. \u00a1Inf\u00f3rmate aqu\u00ed!","breadcrumb":{"@id":"https:\/\/boquet.cat\/es\/blog\/2024\/04\/12\/biblioteca-ernest-lluch-evita-28-tco%e2%82%82\/#breadcrumb"},"inLanguage":"es","potentialAction":[{"@type":"ReadAction","target":["https:\/\/boquet.cat\/es\/blog\/2024\/04\/12\/biblioteca-ernest-lluch-evita-28-tco%e2%82%82\/"]}]},{"@type":"ImageObject","inLanguage":"es","@id":"https:\/\/boquet.cat\/es\/blog\/2024\/04\/12\/biblioteca-ernest-lluch-evita-28-tco%e2%82%82\/#primaryimage","url":"https:\/\/boquet.cat\/wp-content\/uploads\/2024\/04\/DJI_0917-scaled.jpg","contentUrl":"https:\/\/boquet.cat\/wp-content\/uploads\/2024\/04\/DJI_0917-scaled.jpg","width":2560,"height":1920,"caption":"default"},{"@type":"BreadcrumbList","@id":"https:\/\/boquet.cat\/es\/blog\/2024\/04\/12\/biblioteca-ernest-lluch-evita-28-tco%e2%82%82\/#breadcrumb","itemListElement":[{"@type":"ListItem","position":1,"name":"Inici","item":"https:\/\/boquet.cat\/es\/inicio\/"},{"@type":"ListItem","position":2,"name":"Biblioteca Ernest Lluch evita 28 tCO\u2082"}]},{"@type":"WebSite","@id":"https:\/\/boquet.cat\/#website","url":"https:\/\/boquet.cat\/","name":"Boquet","description":"","potentialAction":[{"@type":"SearchAction","target":{"@type":"EntryPoint","urlTemplate":"https:\/\/boquet.cat\/?s={search_term_string}"},"query-input":{"@type":"PropertyValueSpecification","valueRequired":true,"valueName":"search_term_string"}}],"inLanguage":"es"},{"@type":"Person","@id":"https:\/\/boquet.cat\/#\/schema\/person\/c5bd506cea69746c657fa6053d24b821","name":"joel","image":{"@type":"ImageObject","inLanguage":"es","@id":"https:\/\/secure.gravatar.com\/avatar\/3dd42cae7ac20e2eee44762b17003ed21abd1059342e801ba05ef78020c24dff?s=96&d=mm&r=g","url":"https:\/\/secure.gravatar.com\/avatar\/3dd42cae7ac20e2eee44762b17003ed21abd1059342e801ba05ef78020c24dff?s=96&d=mm&r=g","contentUrl":"https:\/\/secure.gravatar.com\/avatar\/3dd42cae7ac20e2eee44762b17003ed21abd1059342e801ba05ef78020c24dff?s=96&d=mm&r=g","caption":"joel"}}]}},"_links":{"self":[{"href":"https:\/\/boquet.cat\/es\/wp-json\/wp\/v2\/posts\/4061","targetHints":{"allow":["GET"]}}],"collection":[{"href":"https:\/\/boquet.cat\/es\/wp-json\/wp\/v2\/posts"}],"about":[{"href":"https:\/\/boquet.cat\/es\/wp-json\/wp\/v2\/types\/post"}],"author":[{"embeddable":true,"href":"https:\/\/boquet.cat\/es\/wp-json\/wp\/v2\/users\/3"}],"replies":[{"embeddable":true,"href":"https:\/\/boquet.cat\/es\/wp-json\/wp\/v2\/comments?post=4061"}],"version-history":[{"count":2,"href":"https:\/\/boquet.cat\/es\/wp-json\/wp\/v2\/posts\/4061\/revisions"}],"predecessor-version":[{"id":6942,"href":"https:\/\/boquet.cat\/es\/wp-json\/wp\/v2\/posts\/4061\/revisions\/6942"}],"wp:featuredmedia":[{"embeddable":true,"href":"https:\/\/boquet.cat\/es\/wp-json\/wp\/v2\/media\/4024"}],"wp:attachment":[{"href":"https:\/\/boquet.cat\/es\/wp-json\/wp\/v2\/media?parent=4061"}],"wp:term":[{"taxonomy":"category","embeddable":true,"href":"https:\/\/boquet.cat\/es\/wp-json\/wp\/v2\/categories?post=4061"},{"taxonomy":"post_tag","embeddable":true,"href":"https:\/\/boquet.cat\/es\/wp-json\/wp\/v2\/tags?post=4061"}],"curies":[{"name":"wp","href":"https:\/\/api.w.org\/{rel}","templated":true}]}}