{"id":4154,"date":"2024-05-03T08:52:53","date_gmt":"2024-05-03T08:52:53","guid":{"rendered":"https:\/\/boquet.cat\/?p=4154"},"modified":"2026-08-27T09:17:12","modified_gmt":"2026-08-27T09:17:12","slug":"la-brigada-municipal-de-san-bartomeu-del-grau-estrena-placas-solares","status":"publish","type":"post","link":"https:\/\/boquet.cat\/es\/blog\/2024\/05\/03\/la-brigada-municipal-de-san-bartomeu-del-grau-estrena-placas-solares\/","title":{"rendered":"La Brigada Municipal de San Bartomeu Del Grau estrena Placas Solares"},"content":{"rendered":"<p class=\"PDq2pG_selectionAnchorContainer\" data-start=\"0\" data-end=\"374\">El almac\u00e9n municipal de <a class=\"decorated-link\" href=\"https:\/\/es.wikipedia.org\/wiki\/San_Bartolom%C3%A9_del_Grau\" target=\"_new\" rel=\"noopener\" data-start=\"24\" data-end=\"107\">Sant Bartomeu del Grau<\/a> ya puede disfrutar de una nueva instalaci\u00f3n solar de <strong data-start=\"161\" data-end=\"189\">84 m\u00f3dulos fotovoltaicos<\/strong>. Esta instalaci\u00f3n representa un gran salto en la producci\u00f3n de energ\u00eda del recinto, que podr\u00e1 generar energ\u00eda limpia y responder a las elevadas demandas de un edificio como un almac\u00e9n.<\/p>\n<p data-start=\"376\" data-end=\"831\" data-is-last-node=\"\" data-is-only-node=\"\">En <a class=\"decorated-link\" href=\"http:\/\/boquet.cat\" target=\"_new\" rel=\"noopener\" data-start=\"379\" data-end=\"410\"><strong data-start=\"380\" data-end=\"390\">Boquet<\/strong><\/a>, <strong data-start=\"412\" data-end=\"459\">empresa instaladora de servicios integrales<\/strong>, hemos sido los encargados de realizar esta nueva instalaci\u00f3n y podemos afirmar que ha sido todo un \u00e9xito. Gracias a ella, se estima que <strong data-start=\"597\" data-end=\"654\">se evitar\u00e1 la emisi\u00f3n de 26,2 toneladas de CO\u2082 al a\u00f1o<\/strong>, una cifra que no deja indiferente a nadie. Adem\u00e1s, el proyecto contribuir\u00e1 a reducir el consumo el\u00e9ctrico y reforzar\u00e1 el compromiso del municipio con un futuro m\u00e1s sostenible.<\/p>\n<p><img loading=\"lazy\" decoding=\"async\" class=\"aligncenter wp-image-4149\" title=\"instalaci\u00f3n St. Bartomeu Del Grau\" src=\"https:\/\/boquet.cat\/wp-content\/uploads\/2024\/05\/DJI_0984-1030x773.jpg\" alt=\"instalaci\u00f3n St. Bartomeu Del Grau\" width=\"767\" height=\"576\" srcset=\"https:\/\/boquet.cat\/wp-content\/uploads\/2024\/05\/DJI_0984-1030x773.jpg 1030w, https:\/\/boquet.cat\/wp-content\/uploads\/2024\/05\/DJI_0984-300x225.jpg 300w, https:\/\/boquet.cat\/wp-content\/uploads\/2024\/05\/DJI_0984-768x576.jpg 768w, https:\/\/boquet.cat\/wp-content\/uploads\/2024\/05\/DJI_0984-1536x1152.jpg 1536w, https:\/\/boquet.cat\/wp-content\/uploads\/2024\/05\/DJI_0984-2048x1536.jpg 2048w, https:\/\/boquet.cat\/wp-content\/uploads\/2024\/05\/DJI_0984-1500x1125.jpg 1500w, https:\/\/boquet.cat\/wp-content\/uploads\/2024\/05\/DJI_0984-705x529.jpg 705w\" sizes=\"auto, (max-width: 767px) 100vw, 767px\" \/><\/p>\n<p>&nbsp;<\/p>\n<p>Son s\u00f3lo 2\u00a0<strong>\u00a0semanas<\/strong>\u00a0las que han hecho falta para instalar todas estas placas en una superficie fotovoltaica de 300 m\u00a0<sup>2<\/sup>\u00a0\u00a0, que generar\u00e1n una energ\u00eda total de\u00a0\u00a0<strong>65,5 kWh<\/strong> anuales, ayudando al complejo ser energ\u00e9ticamente independiente.<\/p>\n<h4><strong>Caracter\u00edsticas de la instalaci\u00f3n:<\/strong><\/h4>\n<figure class=\"wp-block-table\">\n<table>\n<tbody>\n<tr>\n<td>Localizaci\u00f3n<\/td>\n<td>La Brigada Municipal de St Bartomeu Del Grau<\/td>\n<\/tr>\n<tr>\n<td>Potencia instalada<\/td>\n<td>46,2 kWp<\/td>\n<\/tr>\n<tr>\n<td>Modalidad<\/td>\n<td>Autoconsumo colectivo<\/td>\n<\/tr>\n<tr>\n<td>Energ\u00eda total producida<\/td>\n<td>65,5 kWh\/cualquiera<\/td>\n<\/tr>\n<tr>\n<td>Emisiones CO\u00a0<sub>2<\/sub>\u00a0\u00a0evitadas<\/td>\n<td>26,2 t\/cualquiera<\/td>\n<\/tr>\n<tr>\n<td>Plazo de ejecuci\u00f3n<\/td>\n<td>2 semanas<\/td>\n<\/tr>\n<tr>\n<td>Placas instaladas<\/td>\n<td>84<\/td>\n<\/tr>\n<tr>\n<td>Superficie<\/td>\n<td>300\u00a0<sup>m2<\/sup><\/td>\n<\/tr>\n<tr>\n<td>\u00c9xito de la obra<\/td>\n<td>Alcanzado satisfactoriamente<\/td>\n<\/tr>\n<\/tbody>\n<\/table>\n<\/figure>\n<figure class=\"wp-block-video\"><\/figure>\n<div class=\"avia-iframe-wrap\"><\/div>\n<div class=\"\" data-turn-id-container=\"f81628ed-f42b-49d3-8bb0-82db239c4f87\" data-is-intersecting=\"true\"><\/div>\n<div class=\"\" data-turn-id-container=\"request-WEB:70fb8649-2084-4631-a832-a93b0591a20d-29\" data-is-intersecting=\"true\">\n<section class=\"text-token-text-primary w-full focus:outline-none has-data-writing-block:pointer-events-none [&amp;:has([data-writing-block])&gt;*]:pointer-events-auto R6Vx5W_threadScrollVars scroll-mb-[calc(var(--scroll-root-safe-area-inset-bottom,0px)+var(--thread-response-height))] scroll-mt-[calc(var(--header-height)+min(200px,max(70px,20svh)))]\" dir=\"auto\" data-turn-id=\"request-WEB:70fb8649-2084-4631-a832-a93b0591a20d-29\" data-turn-id-container=\"request-WEB:70fb8649-2084-4631-a832-a93b0591a20d-29\" data-testid=\"conversation-turn-8\" data-turn=\"assistant\">\n<div class=\"text-base my-auto mx-auto pb-8 [--thread-content-margin:var(--thread-content-margin-xs,calc(var(--spacing)*4))] @w-sm\/main:[--thread-content-margin:var(--thread-content-margin-sm,calc(var(--spacing)*6))] @w-lg\/main:[--thread-content-margin:var(--thread-content-margin-lg,calc(var(--spacing)*16))] px-(--thread-content-margin)\">\n<div class=\"[--thread-content-max-width:40rem] @w-lg\/main:[--thread-content-max-width:48rem] mx-auto max-w-(--thread-content-max-width) flex-1 group\/turn-messages focus-visible:outline-hidden @[53.5rem]\/main:[--thread-content-max-width:48rem] relative flex w-full min-w-0 flex-col agent-turn\" data-conversation-screenshot-content=\"\">\n<div class=\"flex max-w-full flex-col gap-4 grow\">\n<div class=\"min-h-8 text-message relative flex w-full flex-col items-end gap-2 text-start break-words whitespace-normal outline-none keyboard-focused:focus-ring [.text-message+&amp;]:mt-1\" dir=\"auto\" tabindex=\"0\" data-message-author-role=\"assistant\" data-message-id=\"4d4870da-78ff-539a-8cce-74071290e1dd\" data-turn-start-message=\"true\" data-message-model-slug=\"gpt-5.6-sol-wm\">\n<div class=\"flex w-full flex-col gap-1 empty:hidden\">\n<div class=\"fbskMG_root markdown prose dark:prose-invert wrap-break-word w-full light markdown-new-styling\">\n<p data-start=\"0\" data-end=\"389\">Estamos orgullosos de haber logrado satisfactoriamente esta obra y de poder ofrecer una soluci\u00f3n energ\u00e9tica sostenible y respetuosa con el medio ambiente en Sant Bartomeu del Grau. En <a class=\"decorated-link\" href=\"http:\/\/boquet.cat\" target=\"_new\" rel=\"noopener\" data-start=\"184\" data-end=\"215\"><strong data-start=\"185\" data-end=\"195\">Boquet<\/strong><\/a> ofrecemos <strong data-start=\"226\" data-end=\"255\">soluciones personalizadas<\/strong> de acuerdo con las necesidades de nuestros clientes, siempre con la <strong data-start=\"324\" data-end=\"367\">profesionalidad, experiencia y seriedad<\/strong> que nos caracterizan.<\/p>\n<p data-start=\"391\" data-end=\"794\" data-is-last-node=\"\" data-is-only-node=\"\">Si est\u00e1 interesado en conocer m\u00e1s detalles sobre este proyecto o est\u00e1 considerando una instalaci\u00f3n similar, estaremos encantados de atenderle. Nuestro equipo le acompa\u00f1ar\u00e1 durante todo el proceso, garantizando un servicio eficiente, cercano y adaptado a cada reto energ\u00e9tico planteado. <a class=\"decorated-link cursor-pointer\" rel=\"noopener\" data-start=\"677\" data-end=\"716\"><strong data-start=\"678\" data-end=\"690\">Contacte<\/strong><\/a> con nosotros y juntos analizaremos y haremos realidad sus objetivos energ\u00e9ticos sostenibles gracias a los recursos de los que disponemos.<\/p>\n<\/div>\n<\/div>\n<\/div>\n<\/div>\n<\/div>\n<\/div>\n<\/section>\n<\/div>\n","protected":false},"excerpt":{"rendered":"<p>El almac\u00e9n municipal de Sant Bartomeu del Grau ya puede disfrutar de una nueva instalaci\u00f3n solar de 84 m\u00f3dulos fotovoltaicos. Esta instalaci\u00f3n representa un gran salto en la producci\u00f3n de energ\u00eda del recinto, que podr\u00e1 generar energ\u00eda limpia y responder a las elevadas demandas de un edificio como un almac\u00e9n. En Boquet, empresa instaladora de [&hellip;]<\/p>\n","protected":false},"author":3,"featured_media":4150,"comment_status":"open","ping_status":"closed","sticky":false,"template":"","format":"standard","meta":{"footnotes":""},"categories":[4,47,49,51],"tags":[],"class_list":["post-4154","post","type-post","status-publish","format-standard","has-post-thumbnail","hentry","category-noticias","category-proyectos-es","category-solar-es","category-sostenibilidad-es"],"yoast_head":"<!-- This site is optimized with the Yoast SEO plugin v28.3 - https:\/\/yoast.com\/product\/yoast-seo-wordpress\/ -->\n<title>La Brigada Municipal de San Bartomeu Del Grau estrena Placas Solares - Boquet<\/title>\n<meta name=\"description\" content=\"La Brigada Municipal de San Bartomeu Del Grau estrena Placas Solares. \u00bfQuieres saber m\u00e1s sobre la instalaci\u00f3n? Aqu\u00ed te informamos.\" \/>\n<meta name=\"robots\" content=\"index, follow, max-snippet:-1, max-image-preview:large, max-video-preview:-1\" \/>\n<link rel=\"canonical\" href=\"https:\/\/boquet.cat\/es\/blog\/2024\/05\/03\/la-brigada-municipal-de-san-bartomeu-del-grau-estrena-placas-solares\/\" \/>\n<meta property=\"og:locale\" content=\"es_ES\" \/>\n<meta property=\"og:type\" content=\"article\" \/>\n<meta property=\"og:title\" content=\"La Brigada Municipal de San Bartomeu Del Grau estrena Placas Solares - Boquet\" \/>\n<meta property=\"og:description\" content=\"La Brigada Municipal de San Bartomeu Del Grau estrena Placas Solares. \u00bfQuieres saber m\u00e1s sobre la instalaci\u00f3n? Aqu\u00ed te informamos.\" \/>\n<meta property=\"og:url\" content=\"https:\/\/boquet.cat\/es\/blog\/2024\/05\/03\/la-brigada-municipal-de-san-bartomeu-del-grau-estrena-placas-solares\/\" \/>\n<meta property=\"og:site_name\" content=\"Boquet\" \/>\n<meta property=\"article:published_time\" content=\"2024-05-03T08:52:53+00:00\" \/>\n<meta property=\"article:modified_time\" content=\"2026-08-27T09:17:12+00:00\" \/>\n<meta property=\"og:image\" content=\"https:\/\/boquet.cat\/wp-content\/uploads\/2024\/05\/DJI_0984-1030x773.jpg\" \/>\n\t<meta property=\"og:image:width\" content=\"1030\" \/>\n\t<meta property=\"og:image:height\" content=\"773\" \/>\n\t<meta property=\"og:image:type\" content=\"image\/jpeg\" \/>\n<meta name=\"author\" content=\"joel\" \/>\n<meta name=\"twitter:card\" content=\"summary_large_image\" \/>\n<meta name=\"twitter:label1\" content=\"Escrito por\" \/>\n\t<meta name=\"twitter:data1\" content=\"joel\" \/>\n\t<meta name=\"twitter:label2\" content=\"Tiempo de lectura\" \/>\n\t<meta name=\"twitter:data2\" content=\"2 minutos\" \/>\n<script type=\"application\/ld+json\" class=\"yoast-schema-graph\">{\"@context\":\"https:\\\/\\\/schema.org\",\"@graph\":[{\"@type\":\"Article\",\"@id\":\"https:\\\/\\\/boquet.cat\\\/es\\\/blog\\\/2024\\\/05\\\/03\\\/la-brigada-municipal-de-san-bartomeu-del-grau-estrena-placas-solares\\\/#article\",\"isPartOf\":{\"@id\":\"https:\\\/\\\/boquet.cat\\\/es\\\/blog\\\/2024\\\/05\\\/03\\\/la-brigada-municipal-de-san-bartomeu-del-grau-estrena-placas-solares\\\/\"},\"author\":{\"name\":\"joel\",\"@id\":\"https:\\\/\\\/boquet.cat\\\/#\\\/schema\\\/person\\\/c5bd506cea69746c657fa6053d24b821\"},\"headline\":\"La Brigada Municipal de San Bartomeu Del Grau estrena Placas Solares\",\"datePublished\":\"2024-05-03T08:52:53+00:00\",\"dateModified\":\"2026-08-27T09:17:12+00:00\",\"mainEntityOfPage\":{\"@id\":\"https:\\\/\\\/boquet.cat\\\/es\\\/blog\\\/2024\\\/05\\\/03\\\/la-brigada-municipal-de-san-bartomeu-del-grau-estrena-placas-solares\\\/\"},\"wordCount\":347,\"commentCount\":0,\"image\":{\"@id\":\"https:\\\/\\\/boquet.cat\\\/es\\\/blog\\\/2024\\\/05\\\/03\\\/la-brigada-municipal-de-san-bartomeu-del-grau-estrena-placas-solares\\\/#primaryimage\"},\"thumbnailUrl\":\"https:\\\/\\\/boquet.cat\\\/wp-content\\\/uploads\\\/2024\\\/05\\\/DJI_0984-scaled.jpg\",\"articleSection\":[\"Noticias\",\"Proyectos\",\"Solar\",\"Sostenibilidad\"],\"inLanguage\":\"es\",\"potentialAction\":[{\"@type\":\"CommentAction\",\"name\":\"Comment\",\"target\":[\"https:\\\/\\\/boquet.cat\\\/es\\\/blog\\\/2024\\\/05\\\/03\\\/la-brigada-municipal-de-san-bartomeu-del-grau-estrena-placas-solares\\\/#respond\"]}]},{\"@type\":\"WebPage\",\"@id\":\"https:\\\/\\\/boquet.cat\\\/es\\\/blog\\\/2024\\\/05\\\/03\\\/la-brigada-municipal-de-san-bartomeu-del-grau-estrena-placas-solares\\\/\",\"url\":\"https:\\\/\\\/boquet.cat\\\/es\\\/blog\\\/2024\\\/05\\\/03\\\/la-brigada-municipal-de-san-bartomeu-del-grau-estrena-placas-solares\\\/\",\"name\":\"La Brigada Municipal de San Bartomeu Del Grau estrena Placas Solares - Boquet\",\"isPartOf\":{\"@id\":\"https:\\\/\\\/boquet.cat\\\/#website\"},\"primaryImageOfPage\":{\"@id\":\"https:\\\/\\\/boquet.cat\\\/es\\\/blog\\\/2024\\\/05\\\/03\\\/la-brigada-municipal-de-san-bartomeu-del-grau-estrena-placas-solares\\\/#primaryimage\"},\"image\":{\"@id\":\"https:\\\/\\\/boquet.cat\\\/es\\\/blog\\\/2024\\\/05\\\/03\\\/la-brigada-municipal-de-san-bartomeu-del-grau-estrena-placas-solares\\\/#primaryimage\"},\"thumbnailUrl\":\"https:\\\/\\\/boquet.cat\\\/wp-content\\\/uploads\\\/2024\\\/05\\\/DJI_0984-scaled.jpg\",\"datePublished\":\"2024-05-03T08:52:53+00:00\",\"dateModified\":\"2026-08-27T09:17:12+00:00\",\"author\":{\"@id\":\"https:\\\/\\\/boquet.cat\\\/#\\\/schema\\\/person\\\/c5bd506cea69746c657fa6053d24b821\"},\"description\":\"La Brigada Municipal de San Bartomeu Del Grau estrena Placas Solares. \u00bfQuieres saber m\u00e1s sobre la instalaci\u00f3n? Aqu\u00ed te informamos.\",\"breadcrumb\":{\"@id\":\"https:\\\/\\\/boquet.cat\\\/es\\\/blog\\\/2024\\\/05\\\/03\\\/la-brigada-municipal-de-san-bartomeu-del-grau-estrena-placas-solares\\\/#breadcrumb\"},\"inLanguage\":\"es\",\"potentialAction\":[{\"@type\":\"ReadAction\",\"target\":[\"https:\\\/\\\/boquet.cat\\\/es\\\/blog\\\/2024\\\/05\\\/03\\\/la-brigada-municipal-de-san-bartomeu-del-grau-estrena-placas-solares\\\/\"]}]},{\"@type\":\"ImageObject\",\"inLanguage\":\"es\",\"@id\":\"https:\\\/\\\/boquet.cat\\\/es\\\/blog\\\/2024\\\/05\\\/03\\\/la-brigada-municipal-de-san-bartomeu-del-grau-estrena-placas-solares\\\/#primaryimage\",\"url\":\"https:\\\/\\\/boquet.cat\\\/wp-content\\\/uploads\\\/2024\\\/05\\\/DJI_0984-scaled.jpg\",\"contentUrl\":\"https:\\\/\\\/boquet.cat\\\/wp-content\\\/uploads\\\/2024\\\/05\\\/DJI_0984-scaled.jpg\",\"width\":2560,\"height\":1920,\"caption\":\"default\"},{\"@type\":\"BreadcrumbList\",\"@id\":\"https:\\\/\\\/boquet.cat\\\/es\\\/blog\\\/2024\\\/05\\\/03\\\/la-brigada-municipal-de-san-bartomeu-del-grau-estrena-placas-solares\\\/#breadcrumb\",\"itemListElement\":[{\"@type\":\"ListItem\",\"position\":1,\"name\":\"Inici\",\"item\":\"https:\\\/\\\/boquet.cat\\\/es\\\/inicio\\\/\"},{\"@type\":\"ListItem\",\"position\":2,\"name\":\"La Brigada Municipal de San Bartomeu Del Grau estrena Placas Solares\"}]},{\"@type\":\"WebSite\",\"@id\":\"https:\\\/\\\/boquet.cat\\\/#website\",\"url\":\"https:\\\/\\\/boquet.cat\\\/\",\"name\":\"Boquet\",\"description\":\"\",\"potentialAction\":[{\"@type\":\"SearchAction\",\"target\":{\"@type\":\"EntryPoint\",\"urlTemplate\":\"https:\\\/\\\/boquet.cat\\\/?s={search_term_string}\"},\"query-input\":{\"@type\":\"PropertyValueSpecification\",\"valueRequired\":true,\"valueName\":\"search_term_string\"}}],\"inLanguage\":\"es\"},{\"@type\":\"Person\",\"@id\":\"https:\\\/\\\/boquet.cat\\\/#\\\/schema\\\/person\\\/c5bd506cea69746c657fa6053d24b821\",\"name\":\"joel\",\"image\":{\"@type\":\"ImageObject\",\"inLanguage\":\"es\",\"@id\":\"https:\\\/\\\/secure.gravatar.com\\\/avatar\\\/3dd42cae7ac20e2eee44762b17003ed21abd1059342e801ba05ef78020c24dff?s=96&d=mm&r=g\",\"url\":\"https:\\\/\\\/secure.gravatar.com\\\/avatar\\\/3dd42cae7ac20e2eee44762b17003ed21abd1059342e801ba05ef78020c24dff?s=96&d=mm&r=g\",\"contentUrl\":\"https:\\\/\\\/secure.gravatar.com\\\/avatar\\\/3dd42cae7ac20e2eee44762b17003ed21abd1059342e801ba05ef78020c24dff?s=96&d=mm&r=g\",\"caption\":\"joel\"}}]}<\/script>\n<!-- \/ Yoast SEO plugin. -->","yoast_head_json":{"title":"La Brigada Municipal de San Bartomeu Del Grau estrena Placas Solares - Boquet","description":"La Brigada Municipal de San Bartomeu Del Grau estrena Placas Solares. \u00bfQuieres saber m\u00e1s sobre la instalaci\u00f3n? Aqu\u00ed te informamos.","robots":{"index":"index","follow":"follow","max-snippet":"max-snippet:-1","max-image-preview":"max-image-preview:large","max-video-preview":"max-video-preview:-1"},"canonical":"https:\/\/boquet.cat\/es\/blog\/2024\/05\/03\/la-brigada-municipal-de-san-bartomeu-del-grau-estrena-placas-solares\/","og_locale":"es_ES","og_type":"article","og_title":"La Brigada Municipal de San Bartomeu Del Grau estrena Placas Solares - Boquet","og_description":"La Brigada Municipal de San Bartomeu Del Grau estrena Placas Solares. \u00bfQuieres saber m\u00e1s sobre la instalaci\u00f3n? Aqu\u00ed te informamos.","og_url":"https:\/\/boquet.cat\/es\/blog\/2024\/05\/03\/la-brigada-municipal-de-san-bartomeu-del-grau-estrena-placas-solares\/","og_site_name":"Boquet","article_published_time":"2024-05-03T08:52:53+00:00","article_modified_time":"2026-08-27T09:17:12+00:00","og_image":[{"width":1030,"height":773,"url":"https:\/\/boquet.cat\/wp-content\/uploads\/2024\/05\/DJI_0984-1030x773.jpg","type":"image\/jpeg"}],"author":"joel","twitter_card":"summary_large_image","twitter_misc":{"Escrito por":"joel","Tiempo de lectura":"2 minutos"},"schema":{"@context":"https:\/\/schema.org","@graph":[{"@type":"Article","@id":"https:\/\/boquet.cat\/es\/blog\/2024\/05\/03\/la-brigada-municipal-de-san-bartomeu-del-grau-estrena-placas-solares\/#article","isPartOf":{"@id":"https:\/\/boquet.cat\/es\/blog\/2024\/05\/03\/la-brigada-municipal-de-san-bartomeu-del-grau-estrena-placas-solares\/"},"author":{"name":"joel","@id":"https:\/\/boquet.cat\/#\/schema\/person\/c5bd506cea69746c657fa6053d24b821"},"headline":"La Brigada Municipal de San Bartomeu Del Grau estrena Placas Solares","datePublished":"2024-05-03T08:52:53+00:00","dateModified":"2026-08-27T09:17:12+00:00","mainEntityOfPage":{"@id":"https:\/\/boquet.cat\/es\/blog\/2024\/05\/03\/la-brigada-municipal-de-san-bartomeu-del-grau-estrena-placas-solares\/"},"wordCount":347,"commentCount":0,"image":{"@id":"https:\/\/boquet.cat\/es\/blog\/2024\/05\/03\/la-brigada-municipal-de-san-bartomeu-del-grau-estrena-placas-solares\/#primaryimage"},"thumbnailUrl":"https:\/\/boquet.cat\/wp-content\/uploads\/2024\/05\/DJI_0984-scaled.jpg","articleSection":["Noticias","Proyectos","Solar","Sostenibilidad"],"inLanguage":"es","potentialAction":[{"@type":"CommentAction","name":"Comment","target":["https:\/\/boquet.cat\/es\/blog\/2024\/05\/03\/la-brigada-municipal-de-san-bartomeu-del-grau-estrena-placas-solares\/#respond"]}]},{"@type":"WebPage","@id":"https:\/\/boquet.cat\/es\/blog\/2024\/05\/03\/la-brigada-municipal-de-san-bartomeu-del-grau-estrena-placas-solares\/","url":"https:\/\/boquet.cat\/es\/blog\/2024\/05\/03\/la-brigada-municipal-de-san-bartomeu-del-grau-estrena-placas-solares\/","name":"La Brigada Municipal de San Bartomeu Del Grau estrena Placas Solares - Boquet","isPartOf":{"@id":"https:\/\/boquet.cat\/#website"},"primaryImageOfPage":{"@id":"https:\/\/boquet.cat\/es\/blog\/2024\/05\/03\/la-brigada-municipal-de-san-bartomeu-del-grau-estrena-placas-solares\/#primaryimage"},"image":{"@id":"https:\/\/boquet.cat\/es\/blog\/2024\/05\/03\/la-brigada-municipal-de-san-bartomeu-del-grau-estrena-placas-solares\/#primaryimage"},"thumbnailUrl":"https:\/\/boquet.cat\/wp-content\/uploads\/2024\/05\/DJI_0984-scaled.jpg","datePublished":"2024-05-03T08:52:53+00:00","dateModified":"2026-08-27T09:17:12+00:00","author":{"@id":"https:\/\/boquet.cat\/#\/schema\/person\/c5bd506cea69746c657fa6053d24b821"},"description":"La Brigada Municipal de San Bartomeu Del Grau estrena Placas Solares. \u00bfQuieres saber m\u00e1s sobre la instalaci\u00f3n? Aqu\u00ed te informamos.","breadcrumb":{"@id":"https:\/\/boquet.cat\/es\/blog\/2024\/05\/03\/la-brigada-municipal-de-san-bartomeu-del-grau-estrena-placas-solares\/#breadcrumb"},"inLanguage":"es","potentialAction":[{"@type":"ReadAction","target":["https:\/\/boquet.cat\/es\/blog\/2024\/05\/03\/la-brigada-municipal-de-san-bartomeu-del-grau-estrena-placas-solares\/"]}]},{"@type":"ImageObject","inLanguage":"es","@id":"https:\/\/boquet.cat\/es\/blog\/2024\/05\/03\/la-brigada-municipal-de-san-bartomeu-del-grau-estrena-placas-solares\/#primaryimage","url":"https:\/\/boquet.cat\/wp-content\/uploads\/2024\/05\/DJI_0984-scaled.jpg","contentUrl":"https:\/\/boquet.cat\/wp-content\/uploads\/2024\/05\/DJI_0984-scaled.jpg","width":2560,"height":1920,"caption":"default"},{"@type":"BreadcrumbList","@id":"https:\/\/boquet.cat\/es\/blog\/2024\/05\/03\/la-brigada-municipal-de-san-bartomeu-del-grau-estrena-placas-solares\/#breadcrumb","itemListElement":[{"@type":"ListItem","position":1,"name":"Inici","item":"https:\/\/boquet.cat\/es\/inicio\/"},{"@type":"ListItem","position":2,"name":"La Brigada Municipal de San Bartomeu Del Grau estrena Placas Solares"}]},{"@type":"WebSite","@id":"https:\/\/boquet.cat\/#website","url":"https:\/\/boquet.cat\/","name":"Boquet","description":"","potentialAction":[{"@type":"SearchAction","target":{"@type":"EntryPoint","urlTemplate":"https:\/\/boquet.cat\/?s={search_term_string}"},"query-input":{"@type":"PropertyValueSpecification","valueRequired":true,"valueName":"search_term_string"}}],"inLanguage":"es"},{"@type":"Person","@id":"https:\/\/boquet.cat\/#\/schema\/person\/c5bd506cea69746c657fa6053d24b821","name":"joel","image":{"@type":"ImageObject","inLanguage":"es","@id":"https:\/\/secure.gravatar.com\/avatar\/3dd42cae7ac20e2eee44762b17003ed21abd1059342e801ba05ef78020c24dff?s=96&d=mm&r=g","url":"https:\/\/secure.gravatar.com\/avatar\/3dd42cae7ac20e2eee44762b17003ed21abd1059342e801ba05ef78020c24dff?s=96&d=mm&r=g","contentUrl":"https:\/\/secure.gravatar.com\/avatar\/3dd42cae7ac20e2eee44762b17003ed21abd1059342e801ba05ef78020c24dff?s=96&d=mm&r=g","caption":"joel"}}]}},"_links":{"self":[{"href":"https:\/\/boquet.cat\/es\/wp-json\/wp\/v2\/posts\/4154","targetHints":{"allow":["GET"]}}],"collection":[{"href":"https:\/\/boquet.cat\/es\/wp-json\/wp\/v2\/posts"}],"about":[{"href":"https:\/\/boquet.cat\/es\/wp-json\/wp\/v2\/types\/post"}],"author":[{"embeddable":true,"href":"https:\/\/boquet.cat\/es\/wp-json\/wp\/v2\/users\/3"}],"replies":[{"embeddable":true,"href":"https:\/\/boquet.cat\/es\/wp-json\/wp\/v2\/comments?post=4154"}],"version-history":[{"count":3,"href":"https:\/\/boquet.cat\/es\/wp-json\/wp\/v2\/posts\/4154\/revisions"}],"predecessor-version":[{"id":6933,"href":"https:\/\/boquet.cat\/es\/wp-json\/wp\/v2\/posts\/4154\/revisions\/6933"}],"wp:featuredmedia":[{"embeddable":true,"href":"https:\/\/boquet.cat\/es\/wp-json\/wp\/v2\/media\/4150"}],"wp:attachment":[{"href":"https:\/\/boquet.cat\/es\/wp-json\/wp\/v2\/media?parent=4154"}],"wp:term":[{"taxonomy":"category","embeddable":true,"href":"https:\/\/boquet.cat\/es\/wp-json\/wp\/v2\/categories?post=4154"},{"taxonomy":"post_tag","embeddable":true,"href":"https:\/\/boquet.cat\/es\/wp-json\/wp\/v2\/tags?post=4154"}],"curies":[{"name":"wp","href":"https:\/\/api.w.org\/{rel}","templated":true}]}}