{"id":6163,"date":"2025-09-18T10:21:31","date_gmt":"2025-09-18T10:21:31","guid":{"rendered":"https:\/\/boquet.cat\/blog\/2025\/09\/18\/una-nova-llum-per-a-la-garriga-mes-eficiencia-seguretat-i-sostenibilitat\/"},"modified":"2025-11-07T07:31:05","modified_gmt":"2025-11-07T07:31:05","slug":"una-nova-llum-per-a-la-garriga-mes-eficiencia-seguretat-i-sostenibilitat","status":"publish","type":"post","link":"https:\/\/boquet.cat\/es\/blog\/2025\/09\/18\/una-nova-llum-per-a-la-garriga-mes-eficiencia-seguretat-i-sostenibilitat\/","title":{"rendered":"Una nueva luz para La Garriga: m\u00e1s eficiencia, seguridad y sostenibilidad"},"content":{"rendered":"<p data-start=\"253\" data-end=\"495\">En <a href=\"http:\/\/lagarriga.cat\"><strong data-start=\"255\" data-end=\"269\">La Garriga<\/strong><\/a> ja es pot gaudir d\u2019un enllumenat p\u00fablic renovat i molt m\u00e9s eficient. Des d\u2019<a href=\"http:\/\/boquet.cat\"><strong data-start=\"345\" data-end=\"368\">Electricitat Boquet<\/strong><\/a> estem molt contents d\u2019haver dut a terme aquest projecte que suposa una millora tant per al municipi com per al medi ambient.<\/p>\n<h2 data-start=\"497\" data-end=\"540\">Un cambio hacia la eficiencia energ\u00e9tica<\/h2>\n<p data-start=\"541\" data-end=\"853\">La sustituci\u00f3n de las antiguas luminarias por un nuevo sistema de iluminaci\u00f3n m\u00e1s moderno permite reducir el consumo el\u00e9ctrico y, en consecuencia, los costes energ\u00e9ticos asociados. Adem\u00e1s, esta actuaci\u00f3n contribuye directamente a la reducci\u00f3n del impacto ambiental y en la lucha contra el cambio clim\u00e1tico.<\/p>\n<h2 data-start=\"855\" data-end=\"895\">M\u00e1s seguridad y confort en las calles<\/h2>\n<p data-start=\"896\" data-end=\"1030\">Al video del proyecto se puede apreciar perfectamente la diferencia entre las antiguas luces y las nuevas. La nueva instalaci\u00f3n ofrece:<\/p>\n<p>&#8211; Una iluminaci\u00f3n m\u00e1s uniforme y agradable.<\/p>\n<p>&#8211; Calles m\u00e1s seguras para peatones y veh\u00edculos.<\/p>\n<p>&#8211; Un entorno m\u00e1s respetuoso con el medio ambiente.<\/p>\n<p data-start=\"1191\" data-end=\"1263\">\ud83d\udc49 Mira aqu\u00ed el video completo: <a class=\"decorated-link\" href=\"https:\/\/lnkd.in\/deQGbj2Y\" target=\"_new\" rel=\"noopener\" data-start=\"1222\" data-end=\"1261\">Ver\u00a0 v\u00eddeo<\/a><\/p>\n<div class='avia-iframe-wrap'><iframe loading=\"lazy\" title=\"La Garriga - Canvi d&#039;enllumenat p\u00fablic - Electricitat Boquet\" width=\"1500\" height=\"844\" src=\"https:\/\/www.youtube.com\/embed\/NYaP9SkkgJI?feature=oembed&#038;enablejsapi=1&#038;origin=https:\/\/boquet.cat\" frameborder=\"0\" allow=\"accelerometer; autoplay; clipboard-write; encrypted-media; gyroscope; picture-in-picture; web-share\" referrerpolicy=\"strict-origin-when-cross-origin\" allowfullscreen><\/iframe><\/div>\n<h2 data-start=\"1265\" data-end=\"1308\">La Garriga, un municipio m\u00e1s sostenible<\/h2>\n<p data-start=\"1309\" data-end=\"1554\">Este proyecto es un paso adelante para que La Garriga sea un pueblo m\u00e1s sostenible, donde el progreso y el respeto por el medio ambiente van de la mano. Cada acci\u00f3n cuenta, y con iniciativas como esta conseguimos un futuro m\u00e1s verde y responsable.<\/p>\n<h2 data-start=\"1556\" data-end=\"1595\">El compromiso de <a href=\"http:\/\/boquet.cat\">Electricitat Boquet<\/a><\/h2>\n<p data-start=\"1596\" data-end=\"1904\">En <a href=\"http:\/\/boquet.cat\">Electricidad\u00a0Boquet<\/a>\u00a0trabajamos d\u00eda a d\u00eda para impulsar proyectos que generen un impacto positivo tanto en las personas como en el planeta. Creemos que la tecnolog\u00eda y la sostenibilidad podan y tienen que ir juntas, y por eso continuaremos desarrollando soluciones que beneficien los municipios y el medio ambiente.<\/p>\n","protected":false},"excerpt":{"rendered":"<p>En La Garriga ja es pot gaudir d\u2019un enllumenat p\u00fablic renovat i molt m\u00e9s eficient. Des d\u2019Electricitat Boquet estem molt contents d\u2019haver dut a terme aquest projecte que suposa una millora tant per al municipi com per al medi ambient. Un cambio hacia la eficiencia energ\u00e9tica La sustituci\u00f3n de las antiguas luminarias por un nuevo [&hellip;]<\/p>\n","protected":false},"author":63,"featured_media":6197,"comment_status":"closed","ping_status":"closed","sticky":false,"template":"","format":"standard","meta":{"footnotes":""},"categories":[4,47],"tags":[],"class_list":["post-6163","post","type-post","status-publish","format-standard","has-post-thumbnail","hentry","category-noticias","category-proyectos-es"],"yoast_head":"<!-- This site is optimized with the Yoast SEO plugin v28.3 - https:\/\/yoast.com\/product\/yoast-seo-wordpress\/ -->\n<title>Una nova llum per a La Garriga - Boquet<\/title>\n<meta name=\"description\" content=\"Descobreix el nou enllumenat p\u00fablic de La Garriga: m\u00e9s efici\u00e8ncia energ\u00e8tica, seguretat als carrers i comprom\u00eds amb la sostenibilitat.\" \/>\n<meta name=\"robots\" content=\"index, follow, max-snippet:-1, max-image-preview:large, max-video-preview:-1\" \/>\n<link rel=\"canonical\" href=\"https:\/\/boquet.cat\/es\/blog\/2025\/09\/18\/una-nova-llum-per-a-la-garriga-mes-eficiencia-seguretat-i-sostenibilitat\/\" \/>\n<meta property=\"og:locale\" content=\"es_ES\" \/>\n<meta property=\"og:type\" content=\"article\" \/>\n<meta property=\"og:title\" content=\"Una nova llum per a La Garriga - Boquet\" \/>\n<meta property=\"og:description\" content=\"Descobreix el nou enllumenat p\u00fablic de La Garriga: m\u00e9s efici\u00e8ncia energ\u00e8tica, seguretat als carrers i comprom\u00eds amb la sostenibilitat.\" \/>\n<meta property=\"og:url\" content=\"https:\/\/boquet.cat\/es\/blog\/2025\/09\/18\/una-nova-llum-per-a-la-garriga-mes-eficiencia-seguretat-i-sostenibilitat\/\" \/>\n<meta property=\"og:site_name\" content=\"Boquet\" \/>\n<meta property=\"article:published_time\" content=\"2025-09-18T10:21:31+00:00\" \/>\n<meta property=\"article:modified_time\" content=\"2025-11-07T07:31:05+00:00\" \/>\n<meta property=\"og:image\" content=\"https:\/\/boquet.cat\/wp-content\/uploads\/2025\/11\/Miniaturas-19.jpg\" \/>\n\t<meta property=\"og:image:width\" content=\"1280\" \/>\n\t<meta property=\"og:image:height\" content=\"720\" \/>\n\t<meta property=\"og:image:type\" content=\"image\/jpeg\" \/>\n<meta name=\"author\" content=\"sergi\" \/>\n<meta name=\"twitter:card\" content=\"summary_large_image\" \/>\n<meta name=\"twitter:label1\" content=\"Escrito por\" \/>\n\t<meta name=\"twitter:data1\" content=\"sergi\" \/>\n\t<meta name=\"twitter:label2\" content=\"Tiempo de lectura\" \/>\n\t<meta name=\"twitter:data2\" content=\"2 minutos\" \/>\n<script type=\"application\/ld+json\" class=\"yoast-schema-graph\">{\"@context\":\"https:\\\/\\\/schema.org\",\"@graph\":[{\"@type\":\"Article\",\"@id\":\"https:\\\/\\\/boquet.cat\\\/es\\\/blog\\\/2025\\\/09\\\/18\\\/una-nova-llum-per-a-la-garriga-mes-eficiencia-seguretat-i-sostenibilitat\\\/#article\",\"isPartOf\":{\"@id\":\"https:\\\/\\\/boquet.cat\\\/es\\\/blog\\\/2025\\\/09\\\/18\\\/una-nova-llum-per-a-la-garriga-mes-eficiencia-seguretat-i-sostenibilitat\\\/\"},\"author\":{\"name\":\"sergi\",\"@id\":\"https:\\\/\\\/boquet.cat\\\/#\\\/schema\\\/person\\\/f6ac1aaf3fe5828be17a9357454ed716\"},\"headline\":\"Una nueva luz para La Garriga: m\u00e1s eficiencia, seguridad y sostenibilidad\",\"datePublished\":\"2025-09-18T10:21:31+00:00\",\"dateModified\":\"2025-11-07T07:31:05+00:00\",\"mainEntityOfPage\":{\"@id\":\"https:\\\/\\\/boquet.cat\\\/es\\\/blog\\\/2025\\\/09\\\/18\\\/una-nova-llum-per-a-la-garriga-mes-eficiencia-seguretat-i-sostenibilitat\\\/\"},\"wordCount\":307,\"image\":{\"@id\":\"https:\\\/\\\/boquet.cat\\\/es\\\/blog\\\/2025\\\/09\\\/18\\\/una-nova-llum-per-a-la-garriga-mes-eficiencia-seguretat-i-sostenibilitat\\\/#primaryimage\"},\"thumbnailUrl\":\"https:\\\/\\\/boquet.cat\\\/wp-content\\\/uploads\\\/2025\\\/11\\\/Miniaturas-19.jpg\",\"articleSection\":[\"Noticias\",\"Proyectos\"],\"inLanguage\":\"es\"},{\"@type\":\"WebPage\",\"@id\":\"https:\\\/\\\/boquet.cat\\\/es\\\/blog\\\/2025\\\/09\\\/18\\\/una-nova-llum-per-a-la-garriga-mes-eficiencia-seguretat-i-sostenibilitat\\\/\",\"url\":\"https:\\\/\\\/boquet.cat\\\/es\\\/blog\\\/2025\\\/09\\\/18\\\/una-nova-llum-per-a-la-garriga-mes-eficiencia-seguretat-i-sostenibilitat\\\/\",\"name\":\"Una nova llum per a La Garriga - Boquet\",\"isPartOf\":{\"@id\":\"https:\\\/\\\/boquet.cat\\\/#website\"},\"primaryImageOfPage\":{\"@id\":\"https:\\\/\\\/boquet.cat\\\/es\\\/blog\\\/2025\\\/09\\\/18\\\/una-nova-llum-per-a-la-garriga-mes-eficiencia-seguretat-i-sostenibilitat\\\/#primaryimage\"},\"image\":{\"@id\":\"https:\\\/\\\/boquet.cat\\\/es\\\/blog\\\/2025\\\/09\\\/18\\\/una-nova-llum-per-a-la-garriga-mes-eficiencia-seguretat-i-sostenibilitat\\\/#primaryimage\"},\"thumbnailUrl\":\"https:\\\/\\\/boquet.cat\\\/wp-content\\\/uploads\\\/2025\\\/11\\\/Miniaturas-19.jpg\",\"datePublished\":\"2025-09-18T10:21:31+00:00\",\"dateModified\":\"2025-11-07T07:31:05+00:00\",\"author\":{\"@id\":\"https:\\\/\\\/boquet.cat\\\/#\\\/schema\\\/person\\\/f6ac1aaf3fe5828be17a9357454ed716\"},\"description\":\"Descobreix el nou enllumenat p\u00fablic de La Garriga: m\u00e9s efici\u00e8ncia energ\u00e8tica, seguretat als carrers i comprom\u00eds amb la sostenibilitat.\",\"breadcrumb\":{\"@id\":\"https:\\\/\\\/boquet.cat\\\/es\\\/blog\\\/2025\\\/09\\\/18\\\/una-nova-llum-per-a-la-garriga-mes-eficiencia-seguretat-i-sostenibilitat\\\/#breadcrumb\"},\"inLanguage\":\"es\",\"potentialAction\":[{\"@type\":\"ReadAction\",\"target\":[\"https:\\\/\\\/boquet.cat\\\/es\\\/blog\\\/2025\\\/09\\\/18\\\/una-nova-llum-per-a-la-garriga-mes-eficiencia-seguretat-i-sostenibilitat\\\/\"]}]},{\"@type\":\"ImageObject\",\"inLanguage\":\"es\",\"@id\":\"https:\\\/\\\/boquet.cat\\\/es\\\/blog\\\/2025\\\/09\\\/18\\\/una-nova-llum-per-a-la-garriga-mes-eficiencia-seguretat-i-sostenibilitat\\\/#primaryimage\",\"url\":\"https:\\\/\\\/boquet.cat\\\/wp-content\\\/uploads\\\/2025\\\/11\\\/Miniaturas-19.jpg\",\"contentUrl\":\"https:\\\/\\\/boquet.cat\\\/wp-content\\\/uploads\\\/2025\\\/11\\\/Miniaturas-19.jpg\",\"width\":1280,\"height\":720,\"caption\":\"La garriga EP\"},{\"@type\":\"BreadcrumbList\",\"@id\":\"https:\\\/\\\/boquet.cat\\\/es\\\/blog\\\/2025\\\/09\\\/18\\\/una-nova-llum-per-a-la-garriga-mes-eficiencia-seguretat-i-sostenibilitat\\\/#breadcrumb\",\"itemListElement\":[{\"@type\":\"ListItem\",\"position\":1,\"name\":\"Inici\",\"item\":\"https:\\\/\\\/boquet.cat\\\/es\\\/inicio\\\/\"},{\"@type\":\"ListItem\",\"position\":2,\"name\":\"Una nueva luz para La Garriga: m\u00e1s eficiencia, seguridad y sostenibilidad\"}]},{\"@type\":\"WebSite\",\"@id\":\"https:\\\/\\\/boquet.cat\\\/#website\",\"url\":\"https:\\\/\\\/boquet.cat\\\/\",\"name\":\"Boquet\",\"description\":\"\",\"potentialAction\":[{\"@type\":\"SearchAction\",\"target\":{\"@type\":\"EntryPoint\",\"urlTemplate\":\"https:\\\/\\\/boquet.cat\\\/?s={search_term_string}\"},\"query-input\":{\"@type\":\"PropertyValueSpecification\",\"valueRequired\":true,\"valueName\":\"search_term_string\"}}],\"inLanguage\":\"es\"},{\"@type\":\"Person\",\"@id\":\"https:\\\/\\\/boquet.cat\\\/#\\\/schema\\\/person\\\/f6ac1aaf3fe5828be17a9357454ed716\",\"name\":\"sergi\",\"image\":{\"@type\":\"ImageObject\",\"inLanguage\":\"es\",\"@id\":\"https:\\\/\\\/secure.gravatar.com\\\/avatar\\\/4befe0f62887acd77e476f7858807ae015c6f3426a197134ba8503360ac793ed?s=96&d=mm&r=g\",\"url\":\"https:\\\/\\\/secure.gravatar.com\\\/avatar\\\/4befe0f62887acd77e476f7858807ae015c6f3426a197134ba8503360ac793ed?s=96&d=mm&r=g\",\"contentUrl\":\"https:\\\/\\\/secure.gravatar.com\\\/avatar\\\/4befe0f62887acd77e476f7858807ae015c6f3426a197134ba8503360ac793ed?s=96&d=mm&r=g\",\"caption\":\"sergi\"}}]}<\/script>\n<!-- \/ Yoast SEO plugin. -->","yoast_head_json":{"title":"Una nova llum per a La Garriga - Boquet","description":"Descobreix el nou enllumenat p\u00fablic de La Garriga: m\u00e9s efici\u00e8ncia energ\u00e8tica, seguretat als carrers i comprom\u00eds amb la sostenibilitat.","robots":{"index":"index","follow":"follow","max-snippet":"max-snippet:-1","max-image-preview":"max-image-preview:large","max-video-preview":"max-video-preview:-1"},"canonical":"https:\/\/boquet.cat\/es\/blog\/2025\/09\/18\/una-nova-llum-per-a-la-garriga-mes-eficiencia-seguretat-i-sostenibilitat\/","og_locale":"es_ES","og_type":"article","og_title":"Una nova llum per a La Garriga - Boquet","og_description":"Descobreix el nou enllumenat p\u00fablic de La Garriga: m\u00e9s efici\u00e8ncia energ\u00e8tica, seguretat als carrers i comprom\u00eds amb la sostenibilitat.","og_url":"https:\/\/boquet.cat\/es\/blog\/2025\/09\/18\/una-nova-llum-per-a-la-garriga-mes-eficiencia-seguretat-i-sostenibilitat\/","og_site_name":"Boquet","article_published_time":"2025-09-18T10:21:31+00:00","article_modified_time":"2025-11-07T07:31:05+00:00","og_image":[{"width":1280,"height":720,"url":"https:\/\/boquet.cat\/wp-content\/uploads\/2025\/11\/Miniaturas-19.jpg","type":"image\/jpeg"}],"author":"sergi","twitter_card":"summary_large_image","twitter_misc":{"Escrito por":"sergi","Tiempo de lectura":"2 minutos"},"schema":{"@context":"https:\/\/schema.org","@graph":[{"@type":"Article","@id":"https:\/\/boquet.cat\/es\/blog\/2025\/09\/18\/una-nova-llum-per-a-la-garriga-mes-eficiencia-seguretat-i-sostenibilitat\/#article","isPartOf":{"@id":"https:\/\/boquet.cat\/es\/blog\/2025\/09\/18\/una-nova-llum-per-a-la-garriga-mes-eficiencia-seguretat-i-sostenibilitat\/"},"author":{"name":"sergi","@id":"https:\/\/boquet.cat\/#\/schema\/person\/f6ac1aaf3fe5828be17a9357454ed716"},"headline":"Una nueva luz para La Garriga: m\u00e1s eficiencia, seguridad y sostenibilidad","datePublished":"2025-09-18T10:21:31+00:00","dateModified":"2025-11-07T07:31:05+00:00","mainEntityOfPage":{"@id":"https:\/\/boquet.cat\/es\/blog\/2025\/09\/18\/una-nova-llum-per-a-la-garriga-mes-eficiencia-seguretat-i-sostenibilitat\/"},"wordCount":307,"image":{"@id":"https:\/\/boquet.cat\/es\/blog\/2025\/09\/18\/una-nova-llum-per-a-la-garriga-mes-eficiencia-seguretat-i-sostenibilitat\/#primaryimage"},"thumbnailUrl":"https:\/\/boquet.cat\/wp-content\/uploads\/2025\/11\/Miniaturas-19.jpg","articleSection":["Noticias","Proyectos"],"inLanguage":"es"},{"@type":"WebPage","@id":"https:\/\/boquet.cat\/es\/blog\/2025\/09\/18\/una-nova-llum-per-a-la-garriga-mes-eficiencia-seguretat-i-sostenibilitat\/","url":"https:\/\/boquet.cat\/es\/blog\/2025\/09\/18\/una-nova-llum-per-a-la-garriga-mes-eficiencia-seguretat-i-sostenibilitat\/","name":"Una nova llum per a La Garriga - Boquet","isPartOf":{"@id":"https:\/\/boquet.cat\/#website"},"primaryImageOfPage":{"@id":"https:\/\/boquet.cat\/es\/blog\/2025\/09\/18\/una-nova-llum-per-a-la-garriga-mes-eficiencia-seguretat-i-sostenibilitat\/#primaryimage"},"image":{"@id":"https:\/\/boquet.cat\/es\/blog\/2025\/09\/18\/una-nova-llum-per-a-la-garriga-mes-eficiencia-seguretat-i-sostenibilitat\/#primaryimage"},"thumbnailUrl":"https:\/\/boquet.cat\/wp-content\/uploads\/2025\/11\/Miniaturas-19.jpg","datePublished":"2025-09-18T10:21:31+00:00","dateModified":"2025-11-07T07:31:05+00:00","author":{"@id":"https:\/\/boquet.cat\/#\/schema\/person\/f6ac1aaf3fe5828be17a9357454ed716"},"description":"Descobreix el nou enllumenat p\u00fablic de La Garriga: m\u00e9s efici\u00e8ncia energ\u00e8tica, seguretat als carrers i comprom\u00eds amb la sostenibilitat.","breadcrumb":{"@id":"https:\/\/boquet.cat\/es\/blog\/2025\/09\/18\/una-nova-llum-per-a-la-garriga-mes-eficiencia-seguretat-i-sostenibilitat\/#breadcrumb"},"inLanguage":"es","potentialAction":[{"@type":"ReadAction","target":["https:\/\/boquet.cat\/es\/blog\/2025\/09\/18\/una-nova-llum-per-a-la-garriga-mes-eficiencia-seguretat-i-sostenibilitat\/"]}]},{"@type":"ImageObject","inLanguage":"es","@id":"https:\/\/boquet.cat\/es\/blog\/2025\/09\/18\/una-nova-llum-per-a-la-garriga-mes-eficiencia-seguretat-i-sostenibilitat\/#primaryimage","url":"https:\/\/boquet.cat\/wp-content\/uploads\/2025\/11\/Miniaturas-19.jpg","contentUrl":"https:\/\/boquet.cat\/wp-content\/uploads\/2025\/11\/Miniaturas-19.jpg","width":1280,"height":720,"caption":"La garriga EP"},{"@type":"BreadcrumbList","@id":"https:\/\/boquet.cat\/es\/blog\/2025\/09\/18\/una-nova-llum-per-a-la-garriga-mes-eficiencia-seguretat-i-sostenibilitat\/#breadcrumb","itemListElement":[{"@type":"ListItem","position":1,"name":"Inici","item":"https:\/\/boquet.cat\/es\/inicio\/"},{"@type":"ListItem","position":2,"name":"Una nueva luz para La Garriga: m\u00e1s eficiencia, seguridad y sostenibilidad"}]},{"@type":"WebSite","@id":"https:\/\/boquet.cat\/#website","url":"https:\/\/boquet.cat\/","name":"Boquet","description":"","potentialAction":[{"@type":"SearchAction","target":{"@type":"EntryPoint","urlTemplate":"https:\/\/boquet.cat\/?s={search_term_string}"},"query-input":{"@type":"PropertyValueSpecification","valueRequired":true,"valueName":"search_term_string"}}],"inLanguage":"es"},{"@type":"Person","@id":"https:\/\/boquet.cat\/#\/schema\/person\/f6ac1aaf3fe5828be17a9357454ed716","name":"sergi","image":{"@type":"ImageObject","inLanguage":"es","@id":"https:\/\/secure.gravatar.com\/avatar\/4befe0f62887acd77e476f7858807ae015c6f3426a197134ba8503360ac793ed?s=96&d=mm&r=g","url":"https:\/\/secure.gravatar.com\/avatar\/4befe0f62887acd77e476f7858807ae015c6f3426a197134ba8503360ac793ed?s=96&d=mm&r=g","contentUrl":"https:\/\/secure.gravatar.com\/avatar\/4befe0f62887acd77e476f7858807ae015c6f3426a197134ba8503360ac793ed?s=96&d=mm&r=g","caption":"sergi"}}]}},"_links":{"self":[{"href":"https:\/\/boquet.cat\/es\/wp-json\/wp\/v2\/posts\/6163","targetHints":{"allow":["GET"]}}],"collection":[{"href":"https:\/\/boquet.cat\/es\/wp-json\/wp\/v2\/posts"}],"about":[{"href":"https:\/\/boquet.cat\/es\/wp-json\/wp\/v2\/types\/post"}],"author":[{"embeddable":true,"href":"https:\/\/boquet.cat\/es\/wp-json\/wp\/v2\/users\/63"}],"replies":[{"embeddable":true,"href":"https:\/\/boquet.cat\/es\/wp-json\/wp\/v2\/comments?post=6163"}],"version-history":[{"count":0,"href":"https:\/\/boquet.cat\/es\/wp-json\/wp\/v2\/posts\/6163\/revisions"}],"wp:featuredmedia":[{"embeddable":true,"href":"https:\/\/boquet.cat\/es\/wp-json\/wp\/v2\/media\/6197"}],"wp:attachment":[{"href":"https:\/\/boquet.cat\/es\/wp-json\/wp\/v2\/media?parent=6163"}],"wp:term":[{"taxonomy":"category","embeddable":true,"href":"https:\/\/boquet.cat\/es\/wp-json\/wp\/v2\/categories?post=6163"},{"taxonomy":"post_tag","embeddable":true,"href":"https:\/\/boquet.cat\/es\/wp-json\/wp\/v2\/tags?post=6163"}],"curies":[{"name":"wp","href":"https:\/\/api.w.org\/{rel}","templated":true}]}}