{"id":6719,"date":"2026-07-09T07:23:10","date_gmt":"2026-07-09T07:23:10","guid":{"rendered":"https:\/\/boquet.cat\/?p=6719"},"modified":"2026-07-09T07:23:10","modified_gmt":"2026-07-09T07:23:10","slug":"baterias-solares-en-verano","status":"publish","type":"post","link":"https:\/\/boquet.cat\/es\/blog\/2026\/07\/09\/baterias-solares-en-verano\/","title":{"rendered":"Bater\u00edas Solares en Verano"},"content":{"rendered":"<p><span data-mce-type=\"bookmark\" style=\"display: inline-block;width: 0px;overflow: hidden;line-height: 0\" class=\"mce_SELRES_start\">\ufeff<\/span>Publicado el 09 de julio<\/p>\n<p><em><strong>C\u00f3mo maximizar tu autoconsumo en las mejores horas de sol<\/strong><\/em><\/p>\n<p>El verano es la estaci\u00f3n dorada para la <a href=\"https:\/\/es.wikipedia.org\/wiki\/Energ%C3%ADa_solar\">energ\u00eda solar<\/a>. Las largas jornadas del sol ofrecen una oportunidad excepcional para optimizar tu sistema de autoconsumo. Pero, \u00bfsabes realmente c\u00f3mo sacar el m\u00e1ximo provecho de tus placas solares y bater\u00edas durante estos meses? En esta gu\u00eda te mostramos c\u00f3mo convertir el verano en tu aliado energ\u00e9tico.<\/p>\n<p><span style=\"font-size: 16px\"><div  class='hr av-eqonh9-e406a555539397f77f61e39723daffd4 hr-default  avia-builder-el-0  el_before_av_hr  avia-builder-el-first '><span class='hr-inner '><span class=\"hr-inner-style\"><\/span><\/span><\/div><\/span><\/p>\n<h3>\u00cdndice de contenidos<\/h3>\n<p><a href=\"#Bat\">1.La Bater\u00eda Solar: La pieza clave del autoconsumo eficiente<\/a><\/p>\n<p><a href=\"#Calor\">2.El Calor: Tu aliado y tu enemigo<\/a><\/p>\n<p><a href=\"#Sinergia\">3.La Sinergia Perfecta: Placas Solares + Bater\u00edas<\/a><\/p>\n<p><a href=\"#Estrat\">4.Estrategias espec\u00edficas para maximizar tu ahorro en verano<\/a><\/p>\n<p><a href=\"#Otros\">5.Otros factores a considerar en verano<\/a><\/p>\n<p><a href=\"#Ej\">6.Ejemplo de una situaci\u00f3n habitual: Ahorro real en verano<\/a><\/p>\n<p><a href=\"#Verano\">7.En Verano: Tu mejor inversi\u00f3n<\/a><\/p>\n<p><a href=\"#Boquet\">8.En Electricitat Boquet te ayudamos a optimizar tu Energ\u00eda Solar<\/a><\/p>\n<h3 id=\"Bat\">La Bater\u00eda Solar: La pieza clave del autoconsumo eficiente<\/h3>\n<p>Las <a href=\"https:\/\/boquet.cat\/es\/instalar-placas-solares\/\">placas solares<\/a> son solo la mitad de la ecuaci\u00f3n. La verdadera revoluci\u00f3n del autoconsumo llega con las\u00a0<a href=\"https:\/\/boquet.cat\/baterias-para-placas-solares\/\"><span class=\"highlight\">bater\u00edas solares<\/span><\/a>, que funcionan como el cerebro de tu sistema energ\u00e9tico.<\/p>\n<h4>\u00bfPor qu\u00e9 son tan importantes las bater\u00edas?<\/h4>\n<p>Sin una bater\u00eda, tu excedente de energ\u00eda se desperdicia o se vierte a la red sin compensaci\u00f3n. Con una bater\u00eda, cada kilovatio generado durante el d\u00eda se guarda y est\u00e1 disponible para usar por la noche, en d\u00edas nublados o durante picos de consumo.<\/p>\n<p><img loading=\"lazy\" decoding=\"async\" class=\"aligncenter wp-image-6723\" title=\"Importancia de las bater\u00edas\" src=\"https:\/\/boquet.cat\/wp-content\/uploads\/2026\/07\/Captura-de-pantalla-2026-07-09-081257.png\" alt=\"Importancia de las bater\u00edas\" width=\"559\" height=\"253\" srcset=\"https:\/\/boquet.cat\/wp-content\/uploads\/2026\/07\/Captura-de-pantalla-2026-07-09-081257.png 738w, https:\/\/boquet.cat\/wp-content\/uploads\/2026\/07\/Captura-de-pantalla-2026-07-09-081257-300x136.png 300w, https:\/\/boquet.cat\/wp-content\/uploads\/2026\/07\/Captura-de-pantalla-2026-07-09-081257-705x319.png 705w\" sizes=\"auto, (max-width: 559px) 100vw, 559px\" \/><\/p>\n<p>En verano, cuando el sol est\u00e1 m\u00e1s fuerte y las jornadas son m\u00e1s largas, una bater\u00eda bien dimensionada puede almacenar\u00a0<strong>70-80% del excedente<\/strong>\u00a0que tu instalaci\u00f3n genera, transformando esos kilovatios en ahorros reales.<\/p>\n<p><span style=\"font-size: 16px\"><div  class='hr av-eqonh9-2-7fa22f2e9079858ef3b390d1ac07f35a hr-default  avia-builder-el-1  el_after_av_hr  el_before_av_hr '><span class='hr-inner '><span class=\"hr-inner-style\"><\/span><\/span><\/div><\/span><\/p>\n<h3 id=\"Calor\">El Calor: Tu aliado y tu enemigo<\/h3>\n<p>Aqu\u00ed viene uno de los grandes mitos: <em>\u00abEl calor aumenta el rendimiento de las bater\u00edas solares\u00bb<\/em>. La realidad es m\u00e1s matizada.<\/p>\n<h4>C\u00f3mo afecta el Calor a las Bater\u00edas Solares<\/h4>\n<p><img loading=\"lazy\" decoding=\"async\" class=\"aligncenter wp-image-6724\" title=\"C\u00f3mo afecta el calor a las bater\u00edas \" src=\"https:\/\/boquet.cat\/wp-content\/uploads\/2026\/07\/Captura-de-pantalla-2026-07-09-081556.png\" alt=\"C\u00f3mo afecta el calor a las bater\u00edas \" width=\"408\" height=\"288\" srcset=\"https:\/\/boquet.cat\/wp-content\/uploads\/2026\/07\/Captura-de-pantalla-2026-07-09-081556.png 530w, https:\/\/boquet.cat\/wp-content\/uploads\/2026\/07\/Captura-de-pantalla-2026-07-09-081556-300x212.png 300w, https:\/\/boquet.cat\/wp-content\/uploads\/2026\/07\/Captura-de-pantalla-2026-07-09-081556-260x185.png 260w\" sizes=\"auto, (max-width: 408px) 100vw, 408px\" \/><\/p>\n<p>\u26a0\ufe0f<strong> Dato cr\u00edtico sobre el calor<\/strong><\/p>\n<p>Una bater\u00eda trabajando a\u00a0<strong>45\u00b0C<\/strong>\u00a0puede<strong> perder hasta<\/strong>\u00a0<strong>2-3 a\u00f1os de vida \u00fatil<\/strong>\u00a0comparada con una que funciona a 25\u00b0C. Las bater\u00edas trabajan mejor entre\u00a0<strong>15-25\u00b0C<\/strong>.<\/p>\n<p>&nbsp;<\/p>\n<h4>Recomendaciones para proteger tu Bater\u00eda del calor<\/h4>\n<p><strong>1. Instalaci\u00f3n estrat\u00e9gica:<\/strong> Coloca la bater\u00eda en lugares frescos (s\u00f3tanos, garajes orientados al norte, cuartos t\u00e9cnicos).<\/p>\n<p><strong>2. Ventilaci\u00f3n adecuada:<\/strong> Asegura una circulaci\u00f3n de aire m\u00ednima alrededor de la bater\u00eda.<\/p>\n<p><strong>3. Monitoreo constante:<\/strong> Los sistemas modernos te alertan si la temperatura sube demasiado.<\/p>\n<p><strong>4. Evita exposici\u00f3n solar directa:<\/strong> Protege el enclosure de la bater\u00eda del calor excesivo.<\/p>\n<p><span style=\"font-size: 16px\"><div  class='hr av-ae6v4d-0fd6444edbe64a12c2e62b6aab39e5a6 hr-default  avia-builder-el-2  el_after_av_hr  el_before_av_hr '><span class='hr-inner '><span class=\"hr-inner-style\"><\/span><\/span><\/div><\/span><\/p>\n<h3 id=\"Sinergia\">La Sinergia Perfecta: Placas Solares + Bater\u00edas<\/h3>\n<p>Las placas y las bater\u00edas no son componentes aislados; son un\u00a0<span class=\"highlight\">ecosistema integrado<\/span>\u00a0donde cada elemento potencia al otro.<\/p>\n<h4>C\u00f3mo funcionan juntas durante el d\u00eda<\/h4>\n<p><strong>Ma\u00f1ana (5:00-9:00 h):<\/strong> Las placas empiezan a generar energ\u00eda. Las bater\u00edas se descargan lentamente. El sistema prioriza el autoconsumo.<\/p>\n<p><strong>Mediod\u00eda (10:00-15:00 h):<\/strong> M\u00e1xima generaci\u00f3n solar. Carga r\u00e1pida de las bater\u00edas. Excedentes que se vierten a la red.<\/p>\n<p><strong>Tarde-Noche (16:00-23:00 h):<\/strong> Las bater\u00edas alimentan tu hogar. Reducci\u00f3n progresiva de generaci\u00f3n. La bater\u00eda es tu fuente principal.<\/p>\n<h4>Optimizando la combinaci\u00f3n en verano<\/h4>\n<p><img loading=\"lazy\" decoding=\"async\" class=\"aligncenter wp-image-6725\" title=\"Acciones de optimizaci\u00f3n\" src=\"https:\/\/boquet.cat\/wp-content\/uploads\/2026\/07\/Captura-de-pantalla-2026-07-09-082855.png\" alt=\"Acciones de optimizaci\u00f3n\" width=\"701\" height=\"267\" srcset=\"https:\/\/boquet.cat\/wp-content\/uploads\/2026\/07\/Captura-de-pantalla-2026-07-09-082855.png 966w, https:\/\/boquet.cat\/wp-content\/uploads\/2026\/07\/Captura-de-pantalla-2026-07-09-082855-300x114.png 300w, https:\/\/boquet.cat\/wp-content\/uploads\/2026\/07\/Captura-de-pantalla-2026-07-09-082855-768x293.png 768w, https:\/\/boquet.cat\/wp-content\/uploads\/2026\/07\/Captura-de-pantalla-2026-07-09-082855-705x269.png 705w, https:\/\/boquet.cat\/wp-content\/uploads\/2026\/07\/Captura-de-pantalla-2026-07-09-082855-845x321.png 845w\" sizes=\"auto, (max-width: 701px) 100vw, 701px\" \/><\/p>\n<p><span style=\"font-size: 16px\"><div  class='hr av-8yi0dp-bb0bcd228e477c7fbe3562d6b5f56605 hr-default  avia-builder-el-3  el_after_av_hr  el_before_av_hr '><span class='hr-inner '><span class=\"hr-inner-style\"><\/span><\/span><\/div><\/span><\/p>\n<h3 id=\"Estrat\">\u00a0Estrategias espec\u00edficas para maximizar tu ahorro en verano<\/h3>\n<h5>\ud83d\udccb Estrategia 1: Aprovecha la tarifa por horas<\/h5>\n<p>Si tienes <a href=\"https:\/\/es.wikipedia.org\/wiki\/Tarifa_el%C3%A9ctrica_con_discriminaci%C3%B3n_horaria\">tarifa discriminatoria<\/a>, ajusta tu consumo: realiza trabajos de mayor consumo en horas de m\u00e1xima generaci\u00f3n solar (cuando pagas menos de mercado). Carga completamente la bater\u00eda en horas del sol punta (mediod\u00eda).<\/p>\n<h5><strong>\ud83d\udd0c<\/strong>Estrategia 2: Planificaci\u00f3n de consumos<\/h5>\n<p>Adelanta consumos no urgentes a mediod\u00eda:<\/p>\n<p>&#8211; Carga completa de veh\u00edculos el\u00e9ctricos<\/p>\n<p>&#8211; Calentamiento de agua<\/p>\n<p>&#8211; Climatizaci\u00f3n matutina<\/p>\n<h5>\ud83d\udcf1 Estrategia 3: Monitoreo en Tiempo Real<\/h5>\n<p>Instala un sistema de monitoreo que te muestre generaci\u00f3n vs. consumo. Identifica oportunidades de ahorro espec\u00edficas. Muchos inversores incluyen aplicaciones m\u00f3viles.<\/p>\n<div  class='hr av-7kugj1-018e3c017f8a2bdef0ddceec859c3d0e hr-default  avia-builder-el-4  el_after_av_hr  el_before_av_hr '><span class='hr-inner '><span class=\"hr-inner-style\"><\/span><\/span><\/div>\n<h3 id=\"Otros\">Otros factores a considerar en verano<\/h3>\n<h3><img loading=\"lazy\" decoding=\"async\" class=\"alignnone wp-image-6726\" style=\"font-size: 16px;margin: 0px\" title=\"Factores a considerar en verano\" src=\"https:\/\/boquet.cat\/wp-content\/uploads\/2026\/07\/Captura-de-pantalla-2026-07-09-083634-1030x262.png\" alt=\"Factores a considerar en verano\" width=\"806\" height=\"205\" srcset=\"https:\/\/boquet.cat\/wp-content\/uploads\/2026\/07\/Captura-de-pantalla-2026-07-09-083634-1030x262.png 1030w, https:\/\/boquet.cat\/wp-content\/uploads\/2026\/07\/Captura-de-pantalla-2026-07-09-083634-300x76.png 300w, https:\/\/boquet.cat\/wp-content\/uploads\/2026\/07\/Captura-de-pantalla-2026-07-09-083634-768x195.png 768w, https:\/\/boquet.cat\/wp-content\/uploads\/2026\/07\/Captura-de-pantalla-2026-07-09-083634-705x179.png 705w, https:\/\/boquet.cat\/wp-content\/uploads\/2026\/07\/Captura-de-pantalla-2026-07-09-083634.png 1093w\" sizes=\"auto, (max-width: 806px) 100vw, 806px\" \/><\/h3>\n<div  class='hr av-7kugj1-1-a33ffd231cbd00bf766a4a977865a3b7 hr-default  avia-builder-el-5  el_after_av_hr  el_before_av_hr '><span class='hr-inner '><span class=\"hr-inner-style\"><\/span><\/span><\/div>\n<h3 id=\"Ej\"><strong>Ejemplo de una situaci\u00f3n habitual: Ahorro real en verano<\/strong><\/h3>\n<p><strong>Casa (100 m\u00b2) con 5 kW + 10 kWh<\/strong><\/p>\n<p><img loading=\"lazy\" decoding=\"async\" class=\"alignnone wp-image-6727\" title=\"Ejemplo pr\u00e1ctico\" src=\"https:\/\/boquet.cat\/wp-content\/uploads\/2026\/07\/Captura-de-pantalla-2026-07-09-083851.png\" alt=\"Ejemplo pr\u00e1ctico\" width=\"650\" height=\"203\" srcset=\"https:\/\/boquet.cat\/wp-content\/uploads\/2026\/07\/Captura-de-pantalla-2026-07-09-083851.png 1014w, https:\/\/boquet.cat\/wp-content\/uploads\/2026\/07\/Captura-de-pantalla-2026-07-09-083851-300x94.png 300w, https:\/\/boquet.cat\/wp-content\/uploads\/2026\/07\/Captura-de-pantalla-2026-07-09-083851-768x240.png 768w, https:\/\/boquet.cat\/wp-content\/uploads\/2026\/07\/Captura-de-pantalla-2026-07-09-083851-705x220.png 705w\" sizes=\"auto, (max-width: 650px) 100vw, 650px\" \/><\/p>\n<div  class='hr av-429hlp-95d61c977ed56bcab6a8cc7bd843a9d1 hr-default  avia-builder-el-6  el_after_av_hr  el_before_av_hr '><span class='hr-inner '><span class=\"hr-inner-style\"><\/span><\/span><\/div>\n<h3 id=\"Verano\">En Verano: Tu mejor inversi\u00f3n<\/h3>\n<p>El verano no es solo temporada de vacaciones; es temporada de oportunidades energ\u00e9ticas. Con una <a href=\"https:\/\/boquet.cat\/baterias-para-placas-solares\/\">bater\u00eda solar<\/a> bien instalada y protegida del calor, puedes maximizar tu independencia energ\u00e9tica.<\/p>\n<p><img loading=\"lazy\" decoding=\"async\" class=\"aligncenter wp-image-6731\" title=\"Beneficios de la bater\u00eda solar\" src=\"https:\/\/boquet.cat\/wp-content\/uploads\/2026\/07\/Captura-de-pantalla-2026-07-09-084219.png\" alt=\"Beneficios de la bater\u00eda solar\" width=\"501\" height=\"127\" srcset=\"https:\/\/boquet.cat\/wp-content\/uploads\/2026\/07\/Captura-de-pantalla-2026-07-09-084219.png 620w, https:\/\/boquet.cat\/wp-content\/uploads\/2026\/07\/Captura-de-pantalla-2026-07-09-084219-300x76.png 300w\" sizes=\"auto, (max-width: 501px) 100vw, 501px\" \/><\/p>\n<p>La clave est\u00e1 en entender qu\u00e9 placas y bater\u00edas son un sistema, no componentes separados. Optimiza ambas, protege tu bater\u00eda del calor, monitorea tu consumo y aprovecha cada hora de sol.<\/p>\n<div  class='hr av-38uglp-520bc66fb012b04ea5dc07ac0eb2cb97 hr-default  avia-builder-el-7  el_after_av_hr  avia-builder-el-last '><span class='hr-inner '><span class=\"hr-inner-style\"><\/span><\/span><\/div>\n<h3 id=\"Boquet\">En Electricitat Boquet te ayudamos a optimizar tu Energ\u00eda Solar<\/h3>\n<p>En <a href=\"https:\/\/boquet.cat\/\">Boquet<\/a> somos especialistas en instalaciones de bater\u00edas solares, estudios personalizados y mantenimiento completo de sistemas fotovoltaicos.<\/p>\n<p><strong><a href=\"https:\/\/boquet.cat\/es\/contacta\/\">Estudio Personalizado<\/a>: <\/strong>Analizamos tu instalaci\u00f3n actual y dimensionamos la bater\u00eda perfecta para ti.<\/p>\n<p><a href=\"https:\/\/boquet.cat\/es\/instalar-placas-solares\/\"><strong>Instalaci\u00f3n Profesional: <\/strong><\/a>Montaje experto con las mejores t\u00e9cnicas y materiales de calidad.<\/p>\n<p><a href=\"https:\/\/boquet.cat\/es\/serveis-de-manteniment-integral\/\"><strong>Mantenimiento: <\/strong><\/a>Revisi\u00f3n peri\u00f3dica para asegurar el m\u00e1ximo rendimiento de tu bater\u00eda.<\/p>\n<p><em>No dejes que se desperdicie ni un kilovatio de tu energ\u00eda solar.<\/em><\/p>\n<p>Contacta con nosotros para una consulta gratuita y descubre c\u00f3mo podemos ayudarte a maximizar tu autoconsumo este verano.<\/p>\n<div style=\"background: #f7f7f7;border: 1px solid #e2e2e2;padding: 36px 38px;margin: 25px 0;display: flex;align-items: center;justify-content: space-between;gap: 40px;font-family: inherit\">\n<div style=\"color: #1f2b3a;font-size: 14px;line-height: 1.8\">\n<p style=\"margin: 0\">En <strong style=\"color: #f58200\">Boquet<\/strong> nos encargamos <strong style=\"color: #f58200\">de instalar la Bater\u00eda Solar.<\/strong><\/p>\n<p style=\"margin: 6px 0 0 0\">Te<strong style=\"color: #f58200\">asesoramos de manera gratuita<\/strong>y nos encargamos del proceso.<\/p>\n<\/div>\n<p><a style=\"background: #f58200;color: #ffffff;width: 320px;height: 80px;border-radius: 16px;text-decoration: none;font-size: 16px;font-weight: bold;display: flex;align-items: center;justify-content: center;text-align: center;white-space: nowrap\" href=\"https:\/\/boquet.cat\/es\/contacta\/\"><br \/>\nQuiero asesoramiento gratuito.<br \/>\n<\/a><\/p>\n<\/div>\n<p class=\"fecha-publicacion\">Publicado el 09 de julio<\/p>\n","protected":false},"excerpt":{"rendered":"<p>\ufeffPublicado el 09 de julio C\u00f3mo maximizar tu autoconsumo en las mejores horas de sol El verano es la estaci\u00f3n dorada para la energ\u00eda solar. Las largas jornadas del sol ofrecen una oportunidad excepcional para optimizar tu sistema de autoconsumo. Pero, \u00bfsabes realmente c\u00f3mo sacar el m\u00e1ximo provecho de tus placas solares y bater\u00edas durante [&hellip;]<\/p>\n","protected":false},"author":63,"featured_media":0,"comment_status":"open","ping_status":"closed","sticky":false,"template":"","format":"standard","meta":{"footnotes":""},"categories":[4],"tags":[],"class_list":["post-6719","post","type-post","status-publish","format-standard","hentry","category-noticias"],"yoast_head":"<!-- This site is optimized with the Yoast SEO plugin v28.3 - https:\/\/yoast.com\/product\/yoast-seo-wordpress\/ -->\n<title>Bater\u00edas Solares en Verano - Boquet<\/title>\n<meta name=\"description\" content=\"Aprovecha las bater\u00edas solares en verano. Almacena energ\u00eda, reduce factura de luz, evita desperdicio solar. Puntos clave y datos reales aqu\u00ed.\" \/>\n<meta name=\"robots\" content=\"index, follow, max-snippet:-1, max-image-preview:large, max-video-preview:-1\" \/>\n<link rel=\"canonical\" href=\"https:\/\/boquet.cat\/es\/blog\/2026\/07\/09\/baterias-solares-en-verano\/\" \/>\n<meta property=\"og:locale\" content=\"es_ES\" \/>\n<meta property=\"og:type\" content=\"article\" \/>\n<meta property=\"og:title\" content=\"Bater\u00edas Solares en Verano - Boquet\" \/>\n<meta property=\"og:description\" content=\"Aprovecha las bater\u00edas solares en verano. Almacena energ\u00eda, reduce factura de luz, evita desperdicio solar. Puntos clave y datos reales aqu\u00ed.\" \/>\n<meta property=\"og:url\" content=\"https:\/\/boquet.cat\/es\/blog\/2026\/07\/09\/baterias-solares-en-verano\/\" \/>\n<meta property=\"og:site_name\" content=\"Boquet\" \/>\n<meta property=\"article:published_time\" content=\"2026-07-09T07:23:10+00:00\" \/>\n<meta property=\"og:image\" content=\"https:\/\/boquet.cat\/wp-content\/uploads\/2026\/07\/Captura-de-pantalla-2026-07-09-081257.png\" \/>\n\t<meta property=\"og:image:width\" content=\"738\" \/>\n\t<meta property=\"og:image:height\" content=\"334\" \/>\n\t<meta property=\"og:image:type\" content=\"image\/png\" \/>\n<meta name=\"author\" content=\"sergi\" \/>\n<meta name=\"twitter:card\" content=\"summary_large_image\" \/>\n<meta name=\"twitter:label1\" content=\"Escrito por\" \/>\n\t<meta name=\"twitter:data1\" content=\"sergi\" \/>\n\t<meta name=\"twitter:label2\" content=\"Tiempo de lectura\" \/>\n\t<meta name=\"twitter:data2\" content=\"6 minutos\" \/>\n<script type=\"application\/ld+json\" class=\"yoast-schema-graph\">{\"@context\":\"https:\\\/\\\/schema.org\",\"@graph\":[{\"@type\":\"Article\",\"@id\":\"https:\\\/\\\/boquet.cat\\\/es\\\/blog\\\/2026\\\/07\\\/09\\\/baterias-solares-en-verano\\\/#article\",\"isPartOf\":{\"@id\":\"https:\\\/\\\/boquet.cat\\\/es\\\/blog\\\/2026\\\/07\\\/09\\\/baterias-solares-en-verano\\\/\"},\"author\":{\"name\":\"sergi\",\"@id\":\"https:\\\/\\\/boquet.cat\\\/#\\\/schema\\\/person\\\/f6ac1aaf3fe5828be17a9357454ed716\"},\"headline\":\"Bater\u00edas Solares en Verano\",\"datePublished\":\"2026-07-09T07:23:10+00:00\",\"mainEntityOfPage\":{\"@id\":\"https:\\\/\\\/boquet.cat\\\/es\\\/blog\\\/2026\\\/07\\\/09\\\/baterias-solares-en-verano\\\/\"},\"wordCount\":1286,\"commentCount\":0,\"image\":{\"@id\":\"https:\\\/\\\/boquet.cat\\\/es\\\/blog\\\/2026\\\/07\\\/09\\\/baterias-solares-en-verano\\\/#primaryimage\"},\"thumbnailUrl\":\"https:\\\/\\\/boquet.cat\\\/wp-content\\\/uploads\\\/2026\\\/07\\\/Captura-de-pantalla-2026-07-09-081257.png\",\"articleSection\":[\"Noticias\"],\"inLanguage\":\"es\",\"potentialAction\":[{\"@type\":\"CommentAction\",\"name\":\"Comment\",\"target\":[\"https:\\\/\\\/boquet.cat\\\/es\\\/blog\\\/2026\\\/07\\\/09\\\/baterias-solares-en-verano\\\/#respond\"]}]},{\"@type\":\"WebPage\",\"@id\":\"https:\\\/\\\/boquet.cat\\\/es\\\/blog\\\/2026\\\/07\\\/09\\\/baterias-solares-en-verano\\\/\",\"url\":\"https:\\\/\\\/boquet.cat\\\/es\\\/blog\\\/2026\\\/07\\\/09\\\/baterias-solares-en-verano\\\/\",\"name\":\"Bater\u00edas Solares en Verano - Boquet\",\"isPartOf\":{\"@id\":\"https:\\\/\\\/boquet.cat\\\/#website\"},\"primaryImageOfPage\":{\"@id\":\"https:\\\/\\\/boquet.cat\\\/es\\\/blog\\\/2026\\\/07\\\/09\\\/baterias-solares-en-verano\\\/#primaryimage\"},\"image\":{\"@id\":\"https:\\\/\\\/boquet.cat\\\/es\\\/blog\\\/2026\\\/07\\\/09\\\/baterias-solares-en-verano\\\/#primaryimage\"},\"thumbnailUrl\":\"https:\\\/\\\/boquet.cat\\\/wp-content\\\/uploads\\\/2026\\\/07\\\/Captura-de-pantalla-2026-07-09-081257.png\",\"datePublished\":\"2026-07-09T07:23:10+00:00\",\"author\":{\"@id\":\"https:\\\/\\\/boquet.cat\\\/#\\\/schema\\\/person\\\/f6ac1aaf3fe5828be17a9357454ed716\"},\"description\":\"Aprovecha las bater\u00edas solares en verano. Almacena energ\u00eda, reduce factura de luz, evita desperdicio solar. Puntos clave y datos reales aqu\u00ed.\",\"breadcrumb\":{\"@id\":\"https:\\\/\\\/boquet.cat\\\/es\\\/blog\\\/2026\\\/07\\\/09\\\/baterias-solares-en-verano\\\/#breadcrumb\"},\"inLanguage\":\"es\",\"potentialAction\":[{\"@type\":\"ReadAction\",\"target\":[\"https:\\\/\\\/boquet.cat\\\/es\\\/blog\\\/2026\\\/07\\\/09\\\/baterias-solares-en-verano\\\/\"]}]},{\"@type\":\"ImageObject\",\"inLanguage\":\"es\",\"@id\":\"https:\\\/\\\/boquet.cat\\\/es\\\/blog\\\/2026\\\/07\\\/09\\\/baterias-solares-en-verano\\\/#primaryimage\",\"url\":\"https:\\\/\\\/boquet.cat\\\/wp-content\\\/uploads\\\/2026\\\/07\\\/Captura-de-pantalla-2026-07-09-081257.png\",\"contentUrl\":\"https:\\\/\\\/boquet.cat\\\/wp-content\\\/uploads\\\/2026\\\/07\\\/Captura-de-pantalla-2026-07-09-081257.png\"},{\"@type\":\"BreadcrumbList\",\"@id\":\"https:\\\/\\\/boquet.cat\\\/es\\\/blog\\\/2026\\\/07\\\/09\\\/baterias-solares-en-verano\\\/#breadcrumb\",\"itemListElement\":[{\"@type\":\"ListItem\",\"position\":1,\"name\":\"Inici\",\"item\":\"https:\\\/\\\/boquet.cat\\\/es\\\/inicio\\\/\"},{\"@type\":\"ListItem\",\"position\":2,\"name\":\"Bater\u00edas Solares en Verano\"}]},{\"@type\":\"WebSite\",\"@id\":\"https:\\\/\\\/boquet.cat\\\/#website\",\"url\":\"https:\\\/\\\/boquet.cat\\\/\",\"name\":\"Boquet\",\"description\":\"\",\"potentialAction\":[{\"@type\":\"SearchAction\",\"target\":{\"@type\":\"EntryPoint\",\"urlTemplate\":\"https:\\\/\\\/boquet.cat\\\/?s={search_term_string}\"},\"query-input\":{\"@type\":\"PropertyValueSpecification\",\"valueRequired\":true,\"valueName\":\"search_term_string\"}}],\"inLanguage\":\"es\"},{\"@type\":\"Person\",\"@id\":\"https:\\\/\\\/boquet.cat\\\/#\\\/schema\\\/person\\\/f6ac1aaf3fe5828be17a9357454ed716\",\"name\":\"sergi\",\"image\":{\"@type\":\"ImageObject\",\"inLanguage\":\"es\",\"@id\":\"https:\\\/\\\/secure.gravatar.com\\\/avatar\\\/4befe0f62887acd77e476f7858807ae015c6f3426a197134ba8503360ac793ed?s=96&d=mm&r=g\",\"url\":\"https:\\\/\\\/secure.gravatar.com\\\/avatar\\\/4befe0f62887acd77e476f7858807ae015c6f3426a197134ba8503360ac793ed?s=96&d=mm&r=g\",\"contentUrl\":\"https:\\\/\\\/secure.gravatar.com\\\/avatar\\\/4befe0f62887acd77e476f7858807ae015c6f3426a197134ba8503360ac793ed?s=96&d=mm&r=g\",\"caption\":\"sergi\"}}]}<\/script>\n<!-- \/ Yoast SEO plugin. -->","yoast_head_json":{"title":"Bater\u00edas Solares en Verano - Boquet","description":"Aprovecha las bater\u00edas solares en verano. Almacena energ\u00eda, reduce factura de luz, evita desperdicio solar. Puntos clave y datos reales aqu\u00ed.","robots":{"index":"index","follow":"follow","max-snippet":"max-snippet:-1","max-image-preview":"max-image-preview:large","max-video-preview":"max-video-preview:-1"},"canonical":"https:\/\/boquet.cat\/es\/blog\/2026\/07\/09\/baterias-solares-en-verano\/","og_locale":"es_ES","og_type":"article","og_title":"Bater\u00edas Solares en Verano - Boquet","og_description":"Aprovecha las bater\u00edas solares en verano. Almacena energ\u00eda, reduce factura de luz, evita desperdicio solar. Puntos clave y datos reales aqu\u00ed.","og_url":"https:\/\/boquet.cat\/es\/blog\/2026\/07\/09\/baterias-solares-en-verano\/","og_site_name":"Boquet","article_published_time":"2026-07-09T07:23:10+00:00","og_image":[{"width":738,"height":334,"url":"https:\/\/boquet.cat\/wp-content\/uploads\/2026\/07\/Captura-de-pantalla-2026-07-09-081257.png","type":"image\/png"}],"author":"sergi","twitter_card":"summary_large_image","twitter_misc":{"Escrito por":"sergi","Tiempo de lectura":"6 minutos"},"schema":{"@context":"https:\/\/schema.org","@graph":[{"@type":"Article","@id":"https:\/\/boquet.cat\/es\/blog\/2026\/07\/09\/baterias-solares-en-verano\/#article","isPartOf":{"@id":"https:\/\/boquet.cat\/es\/blog\/2026\/07\/09\/baterias-solares-en-verano\/"},"author":{"name":"sergi","@id":"https:\/\/boquet.cat\/#\/schema\/person\/f6ac1aaf3fe5828be17a9357454ed716"},"headline":"Bater\u00edas Solares en Verano","datePublished":"2026-07-09T07:23:10+00:00","mainEntityOfPage":{"@id":"https:\/\/boquet.cat\/es\/blog\/2026\/07\/09\/baterias-solares-en-verano\/"},"wordCount":1286,"commentCount":0,"image":{"@id":"https:\/\/boquet.cat\/es\/blog\/2026\/07\/09\/baterias-solares-en-verano\/#primaryimage"},"thumbnailUrl":"https:\/\/boquet.cat\/wp-content\/uploads\/2026\/07\/Captura-de-pantalla-2026-07-09-081257.png","articleSection":["Noticias"],"inLanguage":"es","potentialAction":[{"@type":"CommentAction","name":"Comment","target":["https:\/\/boquet.cat\/es\/blog\/2026\/07\/09\/baterias-solares-en-verano\/#respond"]}]},{"@type":"WebPage","@id":"https:\/\/boquet.cat\/es\/blog\/2026\/07\/09\/baterias-solares-en-verano\/","url":"https:\/\/boquet.cat\/es\/blog\/2026\/07\/09\/baterias-solares-en-verano\/","name":"Bater\u00edas Solares en Verano - Boquet","isPartOf":{"@id":"https:\/\/boquet.cat\/#website"},"primaryImageOfPage":{"@id":"https:\/\/boquet.cat\/es\/blog\/2026\/07\/09\/baterias-solares-en-verano\/#primaryimage"},"image":{"@id":"https:\/\/boquet.cat\/es\/blog\/2026\/07\/09\/baterias-solares-en-verano\/#primaryimage"},"thumbnailUrl":"https:\/\/boquet.cat\/wp-content\/uploads\/2026\/07\/Captura-de-pantalla-2026-07-09-081257.png","datePublished":"2026-07-09T07:23:10+00:00","author":{"@id":"https:\/\/boquet.cat\/#\/schema\/person\/f6ac1aaf3fe5828be17a9357454ed716"},"description":"Aprovecha las bater\u00edas solares en verano. Almacena energ\u00eda, reduce factura de luz, evita desperdicio solar. Puntos clave y datos reales aqu\u00ed.","breadcrumb":{"@id":"https:\/\/boquet.cat\/es\/blog\/2026\/07\/09\/baterias-solares-en-verano\/#breadcrumb"},"inLanguage":"es","potentialAction":[{"@type":"ReadAction","target":["https:\/\/boquet.cat\/es\/blog\/2026\/07\/09\/baterias-solares-en-verano\/"]}]},{"@type":"ImageObject","inLanguage":"es","@id":"https:\/\/boquet.cat\/es\/blog\/2026\/07\/09\/baterias-solares-en-verano\/#primaryimage","url":"https:\/\/boquet.cat\/wp-content\/uploads\/2026\/07\/Captura-de-pantalla-2026-07-09-081257.png","contentUrl":"https:\/\/boquet.cat\/wp-content\/uploads\/2026\/07\/Captura-de-pantalla-2026-07-09-081257.png"},{"@type":"BreadcrumbList","@id":"https:\/\/boquet.cat\/es\/blog\/2026\/07\/09\/baterias-solares-en-verano\/#breadcrumb","itemListElement":[{"@type":"ListItem","position":1,"name":"Inici","item":"https:\/\/boquet.cat\/es\/inicio\/"},{"@type":"ListItem","position":2,"name":"Bater\u00edas Solares en Verano"}]},{"@type":"WebSite","@id":"https:\/\/boquet.cat\/#website","url":"https:\/\/boquet.cat\/","name":"Boquet","description":"","potentialAction":[{"@type":"SearchAction","target":{"@type":"EntryPoint","urlTemplate":"https:\/\/boquet.cat\/?s={search_term_string}"},"query-input":{"@type":"PropertyValueSpecification","valueRequired":true,"valueName":"search_term_string"}}],"inLanguage":"es"},{"@type":"Person","@id":"https:\/\/boquet.cat\/#\/schema\/person\/f6ac1aaf3fe5828be17a9357454ed716","name":"sergi","image":{"@type":"ImageObject","inLanguage":"es","@id":"https:\/\/secure.gravatar.com\/avatar\/4befe0f62887acd77e476f7858807ae015c6f3426a197134ba8503360ac793ed?s=96&d=mm&r=g","url":"https:\/\/secure.gravatar.com\/avatar\/4befe0f62887acd77e476f7858807ae015c6f3426a197134ba8503360ac793ed?s=96&d=mm&r=g","contentUrl":"https:\/\/secure.gravatar.com\/avatar\/4befe0f62887acd77e476f7858807ae015c6f3426a197134ba8503360ac793ed?s=96&d=mm&r=g","caption":"sergi"}}]}},"_links":{"self":[{"href":"https:\/\/boquet.cat\/es\/wp-json\/wp\/v2\/posts\/6719","targetHints":{"allow":["GET"]}}],"collection":[{"href":"https:\/\/boquet.cat\/es\/wp-json\/wp\/v2\/posts"}],"about":[{"href":"https:\/\/boquet.cat\/es\/wp-json\/wp\/v2\/types\/post"}],"author":[{"embeddable":true,"href":"https:\/\/boquet.cat\/es\/wp-json\/wp\/v2\/users\/63"}],"replies":[{"embeddable":true,"href":"https:\/\/boquet.cat\/es\/wp-json\/wp\/v2\/comments?post=6719"}],"version-history":[{"count":12,"href":"https:\/\/boquet.cat\/es\/wp-json\/wp\/v2\/posts\/6719\/revisions"}],"predecessor-version":[{"id":6748,"href":"https:\/\/boquet.cat\/es\/wp-json\/wp\/v2\/posts\/6719\/revisions\/6748"}],"wp:attachment":[{"href":"https:\/\/boquet.cat\/es\/wp-json\/wp\/v2\/media?parent=6719"}],"wp:term":[{"taxonomy":"category","embeddable":true,"href":"https:\/\/boquet.cat\/es\/wp-json\/wp\/v2\/categories?post=6719"},{"taxonomy":"post_tag","embeddable":true,"href":"https:\/\/boquet.cat\/es\/wp-json\/wp\/v2\/tags?post=6719"}],"curies":[{"name":"wp","href":"https:\/\/api.w.org\/{rel}","templated":true}]}}